{"id":3,"name":"Diogo Mira","url":"","description":"Diogo Mira \u00e9 licenciado em Rela\u00e7\u00f5es Internacionais e aficionado pela pol\u00edtica latino-americana. Curioso pelas inquietudes pol\u00edticas e viciado em fazer perguntas sem resposta. Almadense com costela alentejana, com o cante nos ouvidos desde sempre.","link":"https:\/\/acontradicao.pt\/?author=3","slug":"diogomira1","avatar_urls":{"24":"https:\/\/secure.gravatar.com\/avatar\/4c17d5e7e552c4f38012807f22f4d9bfaaa6b3916c49f9184dc3220bd480f1e6?s=24&d=mm&r=g","48":"https:\/\/secure.gravatar.com\/avatar\/4c17d5e7e552c4f38012807f22f4d9bfaaa6b3916c49f9184dc3220bd480f1e6?s=48&d=mm&r=g","96":"https:\/\/secure.gravatar.com\/avatar\/4c17d5e7e552c4f38012807f22f4d9bfaaa6b3916c49f9184dc3220bd480f1e6?s=96&d=mm&r=g"},"meta":[],"acf":[],"yoast_head":"<!-- This site is optimized with the Yoast SEO plugin v27.4 - https:\/\/yoast.com\/product\/yoast-seo-wordpress\/ -->\n<title>Diogo Mira, Author at AContradi\u00e7\u00e3o<\/title>\n<meta name=\"robots\" content=\"index, follow, max-snippet:-1, max-image-preview:large, max-video-preview:-1\" \/>\n<link rel=\"canonical\" href=\"https:\/\/acontradicao.pt\/?author=3\" \/>\n<meta property=\"og:locale\" content=\"pt_PT\" \/>\n<meta property=\"og:type\" content=\"profile\" \/>\n<meta property=\"og:title\" content=\"Diogo Mira, Author at AContradi\u00e7\u00e3o\" \/>\n<meta property=\"og:url\" content=\"https:\/\/acontradicao.pt\/?author=3\" \/>\n<meta property=\"og:site_name\" content=\"AContradi\u00e7\u00e3o\" \/>\n<meta property=\"og:image\" content=\"https:\/\/secure.gravatar.com\/avatar\/027da76bc178c9e791c247a0ff0860fb?s=500&d=mm&r=g\" \/>\n<meta name=\"twitter:card\" content=\"summary_large_image\" \/>\n<script type=\"application\/ld+json\" class=\"yoast-schema-graph\">{\"@context\":\"https:\\\/\\\/schema.org\",\"@graph\":[{\"@type\":\"ProfilePage\",\"@id\":\"https:\\\/\\\/acontradicao.pt\\\/?author=3\",\"url\":\"https:\\\/\\\/acontradicao.pt\\\/?author=3\",\"name\":\"Diogo Mira, Author at AContradi\u00e7\u00e3o\",\"isPartOf\":{\"@id\":\"https:\\\/\\\/acontradicao.pt\\\/#website\"},\"breadcrumb\":{\"@id\":\"https:\\\/\\\/acontradicao.pt\\\/?author=3#breadcrumb\"},\"inLanguage\":\"pt-PT\",\"potentialAction\":[{\"@type\":\"ReadAction\",\"target\":[\"https:\\\/\\\/acontradicao.pt\\\/?author=3\"]}]},{\"@type\":\"BreadcrumbList\",\"@id\":\"https:\\\/\\\/acontradicao.pt\\\/?author=3#breadcrumb\",\"itemListElement\":[{\"@type\":\"ListItem\",\"position\":1,\"name\":\"Home\",\"item\":\"https:\\\/\\\/acontradicao.pt\\\/\"},{\"@type\":\"ListItem\",\"position\":2,\"name\":\"Archives for Diogo Mira\"}]},{\"@type\":\"WebSite\",\"@id\":\"https:\\\/\\\/acontradicao.pt\\\/#website\",\"url\":\"https:\\\/\\\/acontradicao.pt\\\/\",\"name\":\"AContradi\u00e7\u00e3o\",\"description\":\"\",\"publisher\":{\"@id\":\"https:\\\/\\\/acontradicao.pt\\\/#organization\"},\"potentialAction\":[{\"@type\":\"SearchAction\",\"target\":{\"@type\":\"EntryPoint\",\"urlTemplate\":\"https:\\\/\\\/acontradicao.pt\\\/?s={search_term_string}\"},\"query-input\":{\"@type\":\"PropertyValueSpecification\",\"valueRequired\":true,\"valueName\":\"search_term_string\"}}],\"inLanguage\":\"pt-PT\"},{\"@type\":\"Organization\",\"@id\":\"https:\\\/\\\/acontradicao.pt\\\/#organization\",\"name\":\"AContradi\u00e7\u00e3o\",\"url\":\"https:\\\/\\\/acontradicao.pt\\\/\",\"logo\":{\"@type\":\"ImageObject\",\"inLanguage\":\"pt-PT\",\"@id\":\"https:\\\/\\\/acontradicao.pt\\\/#\\\/schema\\\/logo\\\/image\\\/\",\"url\":\"https:\\\/\\\/acontradicao.pt\\\/wp-content\\\/uploads\\\/2025\\\/02\\\/LogoAContradicaobranco.png\",\"contentUrl\":\"https:\\\/\\\/acontradicao.pt\\\/wp-content\\\/uploads\\\/2025\\\/02\\\/LogoAContradicaobranco.png\",\"width\":4250,\"height\":975,\"caption\":\"AContradi\u00e7\u00e3o\"},\"image\":{\"@id\":\"https:\\\/\\\/acontradicao.pt\\\/#\\\/schema\\\/logo\\\/image\\\/\"}},{\"@type\":\"Person\",\"@id\":\"https:\\\/\\\/acontradicao.pt\\\/#\\\/schema\\\/person\\\/a7083a8c01d30c8243ec95984ec69ab5\",\"name\":\"Diogo Mira\",\"image\":{\"@type\":\"ImageObject\",\"inLanguage\":\"pt-PT\",\"@id\":\"https:\\\/\\\/secure.gravatar.com\\\/avatar\\\/4c17d5e7e552c4f38012807f22f4d9bfaaa6b3916c49f9184dc3220bd480f1e6?s=96&d=mm&r=g\",\"url\":\"https:\\\/\\\/secure.gravatar.com\\\/avatar\\\/4c17d5e7e552c4f38012807f22f4d9bfaaa6b3916c49f9184dc3220bd480f1e6?s=96&d=mm&r=g\",\"contentUrl\":\"https:\\\/\\\/secure.gravatar.com\\\/avatar\\\/4c17d5e7e552c4f38012807f22f4d9bfaaa6b3916c49f9184dc3220bd480f1e6?s=96&d=mm&r=g\",\"caption\":\"Diogo Mira\"},\"description\":\"Diogo Mira \u00e9 licenciado em Rela\u00e7\u00f5es Internacionais e aficionado pela pol\u00edtica latino-americana. Curioso pelas inquietudes pol\u00edticas e viciado em fazer perguntas sem resposta. Almadense com costela alentejana, com o cante nos ouvidos desde sempre.\",\"mainEntityOfPage\":{\"@id\":\"https:\\\/\\\/acontradicao.pt\\\/?author=3\"}}]}<\/script>\n<!-- \/ Yoast SEO plugin. -->","yoast_head_json":{"title":"Diogo Mira, Author at AContradi\u00e7\u00e3o","robots":{"index":"index","follow":"follow","max-snippet":"max-snippet:-1","max-image-preview":"max-image-preview:large","max-video-preview":"max-video-preview:-1"},"canonical":"https:\/\/acontradicao.pt\/?author=3","og_locale":"pt_PT","og_type":"profile","og_title":"Diogo Mira, Author at AContradi\u00e7\u00e3o","og_url":"https:\/\/acontradicao.pt\/?author=3","og_site_name":"AContradi\u00e7\u00e3o","og_image":[{"url":"https:\/\/secure.gravatar.com\/avatar\/027da76bc178c9e791c247a0ff0860fb?s=500&d=mm&r=g","type":"","width":"","height":""}],"twitter_card":"summary_large_image","schema":{"@context":"https:\/\/schema.org","@graph":[{"@type":"ProfilePage","@id":"https:\/\/acontradicao.pt\/?author=3","url":"https:\/\/acontradicao.pt\/?author=3","name":"Diogo Mira, Author at AContradi\u00e7\u00e3o","isPartOf":{"@id":"https:\/\/acontradicao.pt\/#website"},"breadcrumb":{"@id":"https:\/\/acontradicao.pt\/?author=3#breadcrumb"},"inLanguage":"pt-PT","potentialAction":[{"@type":"ReadAction","target":["https:\/\/acontradicao.pt\/?author=3"]}]},{"@type":"BreadcrumbList","@id":"https:\/\/acontradicao.pt\/?author=3#breadcrumb","itemListElement":[{"@type":"ListItem","position":1,"name":"Home","item":"https:\/\/acontradicao.pt\/"},{"@type":"ListItem","position":2,"name":"Archives for Diogo Mira"}]},{"@type":"WebSite","@id":"https:\/\/acontradicao.pt\/#website","url":"https:\/\/acontradicao.pt\/","name":"AContradi\u00e7\u00e3o","description":"","publisher":{"@id":"https:\/\/acontradicao.pt\/#organization"},"potentialAction":[{"@type":"SearchAction","target":{"@type":"EntryPoint","urlTemplate":"https:\/\/acontradicao.pt\/?s={search_term_string}"},"query-input":{"@type":"PropertyValueSpecification","valueRequired":true,"valueName":"search_term_string"}}],"inLanguage":"pt-PT"},{"@type":"Organization","@id":"https:\/\/acontradicao.pt\/#organization","name":"AContradi\u00e7\u00e3o","url":"https:\/\/acontradicao.pt\/","logo":{"@type":"ImageObject","inLanguage":"pt-PT","@id":"https:\/\/acontradicao.pt\/#\/schema\/logo\/image\/","url":"https:\/\/acontradicao.pt\/wp-content\/uploads\/2025\/02\/LogoAContradicaobranco.png","contentUrl":"https:\/\/acontradicao.pt\/wp-content\/uploads\/2025\/02\/LogoAContradicaobranco.png","width":4250,"height":975,"caption":"AContradi\u00e7\u00e3o"},"image":{"@id":"https:\/\/acontradicao.pt\/#\/schema\/logo\/image\/"}},{"@type":"Person","@id":"https:\/\/acontradicao.pt\/#\/schema\/person\/a7083a8c01d30c8243ec95984ec69ab5","name":"Diogo Mira","image":{"@type":"ImageObject","inLanguage":"pt-PT","@id":"https:\/\/secure.gravatar.com\/avatar\/4c17d5e7e552c4f38012807f22f4d9bfaaa6b3916c49f9184dc3220bd480f1e6?s=96&d=mm&r=g","url":"https:\/\/secure.gravatar.com\/avatar\/4c17d5e7e552c4f38012807f22f4d9bfaaa6b3916c49f9184dc3220bd480f1e6?s=96&d=mm&r=g","contentUrl":"https:\/\/secure.gravatar.com\/avatar\/4c17d5e7e552c4f38012807f22f4d9bfaaa6b3916c49f9184dc3220bd480f1e6?s=96&d=mm&r=g","caption":"Diogo Mira"},"description":"Diogo Mira \u00e9 licenciado em Rela\u00e7\u00f5es Internacionais e aficionado pela pol\u00edtica latino-americana. Curioso pelas inquietudes pol\u00edticas e viciado em fazer perguntas sem resposta. Almadense com costela alentejana, com o cante nos ouvidos desde sempre.","mainEntityOfPage":{"@id":"https:\/\/acontradicao.pt\/?author=3"}}]}},"elementor_introduction":"","_links":{"self":[{"href":"https:\/\/acontradicao.pt\/index.php?rest_route=\/wp\/v2\/users\/3","targetHints":{"allow":["GET"]}}],"collection":[{"href":"https:\/\/acontradicao.pt\/index.php?rest_route=\/wp\/v2\/users"}]}}