{"id":575,"date":"2026-04-29T21:23:00","date_gmt":"2026-04-29T21:23:00","guid":{"rendered":"https:\/\/acontradicao.pt\/?p=575"},"modified":"2026-04-29T21:23:02","modified_gmt":"2026-04-29T21:23:02","slug":"o-mundo-fora-do-nosso-mundo","status":"publish","type":"post","link":"https:\/\/acontradicao.pt\/?p=575","title":{"rendered":"O mundo fora do nosso mundo"},"content":{"rendered":"\n<p>Come\u00e7o este texto por afirmar uma m\u00e1xima para alguns, pol\u00e9mica, mas conhecida por todos: a comunica\u00e7\u00e3o social n\u00e3o \u00e9 imparcial. As not\u00edcias divulgadas s\u00e3o escolhidas a dedo e a informa\u00e7\u00e3o sobre cada uma \u00e9 apresentada de forma a cumprir a narrativa mais satisfat\u00f3ria a quem est\u00e1 por detr\u00e1s do processo editorial. O sensacionalismo e a necessidade de informar colidem num compromisso que, embora \u00fatil, \u00e9 inconstante e pouco satisfat\u00f3rio quando nos apercebemos que apenas temos acesso ao conte\u00fado revelante para o funcionamento normal da pol\u00edtica ocidental. Tal como na obra de Saramago, \u201cEnsaio sobre a Cegueira\u201d, somos involuntariamente cegos ao que se passa no mundo para al\u00e9m do que nos diretamente afeta. No entanto, a falta de direitos humanos e necessidades b\u00e1sicas deve ser uma luta de todos, particularmente dos pa\u00edses onde a legisla\u00e7\u00e3o contempla estas quest\u00f5es. Passo, desta forma, em seguida, a enumerar algumas not\u00edcias \u201cesquecidas\u201d pelo telejornal portugu\u00eas na hora de ponta.<\/p>\n\n\n\n<ul class=\"wp-block-list\">\n<li>Ao passo que a vacina\u00e7\u00e3o organizada contra o sarampo, em Portugal, teve in\u00edcio em 1973, com dois inusitados casos registados at\u00e9 ao momento, em 2026, raridade que colocou a not\u00edcia a circular pela comunica\u00e7\u00e3o social; uma epidemia de sarampo vitimou 227 crian\u00e7as no Bangladesh, desde 15 de mar\u00e7o do presente ano. As v\u00edtimas s\u00e3o, maioritariamente, ind\u00edgenas provenientes da regi\u00e3o de Chittagong que s\u00e3o frequentemente exclu\u00eddas da cobertura vacinal, em certos casos, por receio das fam\u00edlias e falta de campanhas de sensibiliza\u00e7\u00e3o. O sarampo mata cerca de 95\u00a0000 pessoas todos os anos, na sua maioria crian\u00e7as com menos de 5 anos, n\u00e3o vacinadas<a href=\"#_ftn1\" id=\"_ftnref1\">[1]<\/a>.<\/li>\n\n\n\n<li>Esta ter\u00e7a-feira, dia 28 de abril de 2024, o Fundo das Na\u00e7\u00f5es Unidas para a Inf\u00e2ncia (UNICEF) alertou para a falta de financiamento internacional que coloca 20 milh\u00f5es de crian\u00e7as e fam\u00edlias em risco. Sem surpresas, os cinco pa\u00edses mais respons\u00e1veis pela queda de financiamentos, s\u00e3o tamb\u00e9m cinco das maiores pot\u00eancias mundiais em controlo direto das guerras que assolam o ocidente: Alemanha, Estados Unidos, Reino Unido, Jap\u00e3o e Fran\u00e7a. Entre as poss\u00edveis perdas est\u00e3o o acesso \u00e0 educa\u00e7\u00e3o, \u00e1gua pot\u00e1vel e vacina\u00e7\u00e3o<a href=\"#_ftn2\" id=\"_ftnref2\">[2]<\/a>.<\/li>\n\n\n\n<li>Na \u00faltima d\u00e9cada, os casos de fome aguda duplicaram, ao passo que os financiamentos para esta causa recuaram para os n\u00edveis registados em 2016, sendo que, no passado ano 2025, foram registadas duas crises de fome intensa, a primeira vez desde que h\u00e1 registo. O Afeganist\u00e3o, o Sud\u00e3o do Sul, o Sud\u00e3o e o I\u00e9men registaram as suas maiores crises alimentares, atingindo n\u00edveis de inseguran\u00e7a alimentar aguda. Em 2025, a Organiza\u00e7\u00e3o das Na\u00e7\u00f5es Unidas (ONU) registou meio milh\u00e3o de crian\u00e7as gravemente desnutridas, no I\u00e9men, sendo que o pre\u00e7o dos alimentos subiu 300%<a href=\"#_ftn4\" id=\"_ftnref4\">[4]<\/a>.<\/li>\n\n\n\n<li>Diversas esp\u00e9cies de animais foram declaradas extintas, em 2025, devido \u00e0s altera\u00e7\u00f5es clim\u00e1ticas, incluindo o Peixe-donzela das Gal\u00e1pagos, o Musaranho das Ilhas Natal e o Ma\u00e7arico-de-bico-fino. Estes s\u00e3o apenas mais alguns exemplos do sexto per\u00edodo de extin\u00e7\u00e3o em massa no nosso planeta. Ainda assim, h\u00e1 hist\u00f3rias de sucessos e recupera\u00e7\u00f5es. Em 2025, a \u00c1guia-careca, o Falc\u00e3o-peregrino e o Tentilh\u00e3o dos A\u00e7ores foram considerados fora do perigo de desaparecimento<a href=\"#_ftn6\" id=\"_ftnref6\">[6]<\/a>.<\/li>\n\n\n\n<li>Terminando numa nota mais positiva, porque a esperan\u00e7a tamb\u00e9m \u00e9 um motor de luta, a Amaz\u00f3nia registou uma queda de 17% no processo de desfloresta\u00e7\u00e3o no primeiro trimestre de 2026, o que representa uma preserva\u00e7\u00e3o equivalente a 7\u00a0000 campos de futebol<a href=\"#_ftn7\" id=\"_ftnref7\">[7]<\/a>, o que vai de encontro a not\u00edcias recentes sobre a camada de ozono que indicam que o buraco que se havia formado sobre a Ant\u00e1rtica fechou, segundo a NASA, sendo um dos mais pequenos buracos formados desde 1992. Os cientistas acreditam que, segundo observa\u00e7\u00f5es e c\u00e1lculos, a camada de ozono est\u00e1 no caminho para recuperar, gra\u00e7as ao Protocolo de Montreal<a href=\"#_ftn8\" id=\"_ftnref8\">[8]<\/a>.\u00a0<\/li>\n<\/ul>\n\n\n\n<hr class=\"wp-block-separator has-alpha-channel-opacity\"\/>\n\n\n\n<p><a href=\"#_ftnref1\" id=\"_ftn1\">[1]<\/a> <a href=\"https:\/\/www.noticiasaominuto.com\/mundo\/2981468\/epidemia-grave-de-sarampo-mata-227-criancas-no-bangladesh\">https:\/\/www.noticiasaominuto.com\/mundo\/2981468\/epidemia-grave-de-sarampo-mata-227-criancas-no-bangladesh<\/a><\/p>\n\n\n\n<p><a href=\"#_ftnref2\" id=\"_ftn2\">[2]<\/a> <a href=\"https:\/\/www.noticiasaominuto.com\/mundo\/2981152\/mais-de-20-milhoes-de-criancas-e-familias-em-risco-apos-cortes-nos-fundos\">https:\/\/www.noticiasaominuto.com\/mundo\/2981152\/mais-de-20-milhoes-de-criancas-e-familias-em-risco-apos-cortes-nos-fundos<\/a><\/p>\n\n\n\n<p><a href=\"#_ftnref3\" id=\"_ftn3\">[3]<\/a> <a href=\"https:\/\/www.unhcr.org\/news\/announcements\/acute-food-insecurity-and-malnutrition-remain-alarmingly-high-crises-deepen-un\">https:\/\/www.unhcr.org\/news\/announcements\/acute-food-insecurity-and-malnutrition-remain-alarmingly-high-crises-deepen-un<\/a><\/p>\n\n\n\n<p><a href=\"#_ftnref4\" id=\"_ftn4\">[4]<\/a> <a href=\"https:\/\/news.un.org\/pt\/story\/2025\/03\/1846636\">https:\/\/news.un.org\/pt\/story\/2025\/03\/1846636<\/a><\/p>\n\n\n\n<p><a href=\"#_ftnref5\" id=\"_ftn5\">[5]<\/a> <a href=\"https:\/\/therevelator.org\/extinct-2025\/\">https:\/\/therevelator.org\/extinct-2025\/<\/a><\/p>\n\n\n\n<p><a href=\"#_ftnref6\" id=\"_ftn6\">[6]<\/a> <a href=\"https:\/\/www.ifaw.org\/international\/journal\/animals-recovered-being-endangered\">https:\/\/www.ifaw.org\/international\/journal\/animals-recovered-being-endangered<\/a><\/p>\n\n\n\n<p><a href=\"#_ftnref7\" id=\"_ftn7\">[7]<\/a> <a href=\"https:\/\/www.cnnbrasil.com.br\/nacional\/brasil\/amazonia-registra-queda-de-17-no-desmatamento-no-1-trimestre-de-2026\/\">https:\/\/www.cnnbrasil.com.br\/nacional\/brasil\/amazonia-registra-queda-de-17-no-desmatamento-no-1-trimestre-de-2026\/<\/a><\/p>\n\n\n\n<p><a href=\"#_ftnref8\" id=\"_ftn8\">[8]<\/a> <a href=\"https:\/\/wmo.int\/media\/news\/small-and-short-lived-2025-ozone-hole-confirms-long-term-recovery-trend\">https:\/\/wmo.int\/media\/news\/small-and-short-lived-2025-ozone-hole-confirms-long-term-recovery-trend<\/a><\/p>\n","protected":false},"excerpt":{"rendered":"<p>Come\u00e7o este texto por afirmar uma m\u00e1xima para alguns, pol\u00e9mica, mas conhecida por todos: a comunica\u00e7\u00e3o social n\u00e3o \u00e9 imparcial. As not\u00edcias divulgadas s\u00e3o escolhidas a dedo e a informa\u00e7\u00e3o sobre cada uma \u00e9 apresentada de forma a cumprir a narrativa mais satisfat\u00f3ria a quem est\u00e1 por detr\u00e1s do processo editorial. O sensacionalismo e a [&hellip;]<\/p>\n","protected":false},"author":28,"featured_media":578,"comment_status":"open","ping_status":"open","sticky":false,"template":"","format":"standard","meta":{"_acf_changed":false,"footnotes":""},"categories":[1],"tags":[],"class_list":["post-575","post","type-post","status-publish","format-standard","has-post-thumbnail","hentry","category-uncategorized"],"acf":[],"yoast_head":"<!-- This site is optimized with the Yoast SEO plugin v27.5 - https:\/\/yoast.com\/product\/yoast-seo-wordpress\/ -->\n<title>O mundo fora do nosso mundo - AContradi\u00e7\u00e3o<\/title>\n<meta name=\"description\" content=\"Come\u00e7o este texto por afirmar uma m\u00e1xima para alguns, pol\u00e9mica, mas conhecida por todos: a comunica\u00e7\u00e3o social n\u00e3o \u00e9 imparcial.\" \/>\n<meta name=\"robots\" content=\"index, follow, max-snippet:-1, max-image-preview:large, max-video-preview:-1\" \/>\n<link rel=\"canonical\" href=\"https:\/\/acontradicao.pt\/?p=575\" \/>\n<meta property=\"og:locale\" content=\"pt_PT\" \/>\n<meta property=\"og:type\" content=\"article\" \/>\n<meta property=\"og:title\" content=\"O mundo fora do nosso mundo - AContradi\u00e7\u00e3o\" \/>\n<meta property=\"og:description\" content=\"Come\u00e7o este texto por afirmar uma m\u00e1xima para alguns, pol\u00e9mica, mas conhecida por todos: a comunica\u00e7\u00e3o social n\u00e3o \u00e9 imparcial.\" \/>\n<meta property=\"og:url\" content=\"https:\/\/acontradicao.pt\/?p=575\" \/>\n<meta property=\"og:site_name\" content=\"AContradi\u00e7\u00e3o\" \/>\n<meta property=\"article:published_time\" content=\"2026-04-29T21:23:00+00:00\" \/>\n<meta property=\"article:modified_time\" content=\"2026-04-29T21:23:02+00:00\" \/>\n<meta property=\"og:image\" content=\"https:\/\/acontradicao.pt\/wp-content\/uploads\/2026\/04\/WhatsApp-Image-2026-04-29-at-19.12.33.jpeg\" \/>\n\t<meta property=\"og:image:width\" content=\"1280\" \/>\n\t<meta property=\"og:image:height\" content=\"905\" \/>\n\t<meta property=\"og:image:type\" content=\"image\/jpeg\" \/>\n<meta name=\"author\" content=\"Rafaela de Vasconcelos\" \/>\n<meta name=\"twitter:card\" content=\"summary_large_image\" \/>\n<meta name=\"twitter:label1\" content=\"Escrito por\" \/>\n\t<meta name=\"twitter:data1\" content=\"Rafaela de Vasconcelos\" \/>\n\t<meta name=\"twitter:label2\" content=\"Tempo estimado de leitura\" \/>\n\t<meta name=\"twitter:data2\" content=\"4 minutos\" \/>\n<script type=\"application\/ld+json\" class=\"yoast-schema-graph\">{\"@context\":\"https:\\\/\\\/schema.org\",\"@graph\":[{\"@type\":\"Article\",\"@id\":\"https:\\\/\\\/acontradicao.pt\\\/?p=575#article\",\"isPartOf\":{\"@id\":\"https:\\\/\\\/acontradicao.pt\\\/?p=575\"},\"author\":{\"name\":\"Rafaela de Vasconcelos\",\"@id\":\"https:\\\/\\\/acontradicao.pt\\\/#\\\/schema\\\/person\\\/b42790a2289a7fc82a4bcdf9ff766bec\"},\"headline\":\"O mundo fora do nosso mundo\",\"datePublished\":\"2026-04-29T21:23:00+00:00\",\"dateModified\":\"2026-04-29T21:23:02+00:00\",\"mainEntityOfPage\":{\"@id\":\"https:\\\/\\\/acontradicao.pt\\\/?p=575\"},\"wordCount\":727,\"commentCount\":0,\"publisher\":{\"@id\":\"https:\\\/\\\/acontradicao.pt\\\/#organization\"},\"image\":{\"@id\":\"https:\\\/\\\/acontradicao.pt\\\/?p=575#primaryimage\"},\"thumbnailUrl\":\"https:\\\/\\\/acontradicao.pt\\\/wp-content\\\/uploads\\\/2026\\\/04\\\/WhatsApp-Image-2026-04-29-at-19.12.33.jpeg\",\"articleSection\":[\"Uncategorized\"],\"inLanguage\":\"pt-PT\",\"potentialAction\":[{\"@type\":\"CommentAction\",\"name\":\"Comment\",\"target\":[\"https:\\\/\\\/acontradicao.pt\\\/?p=575#respond\"]}]},{\"@type\":\"WebPage\",\"@id\":\"https:\\\/\\\/acontradicao.pt\\\/?p=575\",\"url\":\"https:\\\/\\\/acontradicao.pt\\\/?p=575\",\"name\":\"O mundo fora do nosso mundo - AContradi\u00e7\u00e3o\",\"isPartOf\":{\"@id\":\"https:\\\/\\\/acontradicao.pt\\\/#website\"},\"primaryImageOfPage\":{\"@id\":\"https:\\\/\\\/acontradicao.pt\\\/?p=575#primaryimage\"},\"image\":{\"@id\":\"https:\\\/\\\/acontradicao.pt\\\/?p=575#primaryimage\"},\"thumbnailUrl\":\"https:\\\/\\\/acontradicao.pt\\\/wp-content\\\/uploads\\\/2026\\\/04\\\/WhatsApp-Image-2026-04-29-at-19.12.33.jpeg\",\"datePublished\":\"2026-04-29T21:23:00+00:00\",\"dateModified\":\"2026-04-29T21:23:02+00:00\",\"description\":\"Come\u00e7o este texto por afirmar uma m\u00e1xima para alguns, pol\u00e9mica, mas conhecida por todos: a comunica\u00e7\u00e3o social n\u00e3o \u00e9 imparcial.\",\"breadcrumb\":{\"@id\":\"https:\\\/\\\/acontradicao.pt\\\/?p=575#breadcrumb\"},\"inLanguage\":\"pt-PT\",\"potentialAction\":[{\"@type\":\"ReadAction\",\"target\":[\"https:\\\/\\\/acontradicao.pt\\\/?p=575\"]}]},{\"@type\":\"ImageObject\",\"inLanguage\":\"pt-PT\",\"@id\":\"https:\\\/\\\/acontradicao.pt\\\/?p=575#primaryimage\",\"url\":\"https:\\\/\\\/acontradicao.pt\\\/wp-content\\\/uploads\\\/2026\\\/04\\\/WhatsApp-Image-2026-04-29-at-19.12.33.jpeg\",\"contentUrl\":\"https:\\\/\\\/acontradicao.pt\\\/wp-content\\\/uploads\\\/2026\\\/04\\\/WhatsApp-Image-2026-04-29-at-19.12.33.jpeg\",\"width\":1280,\"height\":905},{\"@type\":\"BreadcrumbList\",\"@id\":\"https:\\\/\\\/acontradicao.pt\\\/?p=575#breadcrumb\",\"itemListElement\":[{\"@type\":\"ListItem\",\"position\":1,\"name\":\"Home\",\"item\":\"https:\\\/\\\/acontradicao.pt\\\/\"},{\"@type\":\"ListItem\",\"position\":2,\"name\":\"O mundo fora do nosso mundo\"}]},{\"@type\":\"WebSite\",\"@id\":\"https:\\\/\\\/acontradicao.pt\\\/#website\",\"url\":\"https:\\\/\\\/acontradicao.pt\\\/\",\"name\":\"AContradi\u00e7\u00e3o\",\"description\":\"\",\"publisher\":{\"@id\":\"https:\\\/\\\/acontradicao.pt\\\/#organization\"},\"potentialAction\":[{\"@type\":\"SearchAction\",\"target\":{\"@type\":\"EntryPoint\",\"urlTemplate\":\"https:\\\/\\\/acontradicao.pt\\\/?s={search_term_string}\"},\"query-input\":{\"@type\":\"PropertyValueSpecification\",\"valueRequired\":true,\"valueName\":\"search_term_string\"}}],\"inLanguage\":\"pt-PT\"},{\"@type\":\"Organization\",\"@id\":\"https:\\\/\\\/acontradicao.pt\\\/#organization\",\"name\":\"AContradi\u00e7\u00e3o\",\"url\":\"https:\\\/\\\/acontradicao.pt\\\/\",\"logo\":{\"@type\":\"ImageObject\",\"inLanguage\":\"pt-PT\",\"@id\":\"https:\\\/\\\/acontradicao.pt\\\/#\\\/schema\\\/logo\\\/image\\\/\",\"url\":\"https:\\\/\\\/acontradicao.pt\\\/wp-content\\\/uploads\\\/2025\\\/02\\\/LogoAContradicaobranco.png\",\"contentUrl\":\"https:\\\/\\\/acontradicao.pt\\\/wp-content\\\/uploads\\\/2025\\\/02\\\/LogoAContradicaobranco.png\",\"width\":4250,\"height\":975,\"caption\":\"AContradi\u00e7\u00e3o\"},\"image\":{\"@id\":\"https:\\\/\\\/acontradicao.pt\\\/#\\\/schema\\\/logo\\\/image\\\/\"}},{\"@type\":\"Person\",\"@id\":\"https:\\\/\\\/acontradicao.pt\\\/#\\\/schema\\\/person\\\/b42790a2289a7fc82a4bcdf9ff766bec\",\"name\":\"Rafaela de Vasconcelos\",\"image\":{\"@type\":\"ImageObject\",\"inLanguage\":\"pt-PT\",\"@id\":\"https:\\\/\\\/secure.gravatar.com\\\/avatar\\\/c73d2117f3ec61091afdf625f1ad2d579f2a0f2427b1775b7607f9cf667bf903?s=96&d=mm&r=g\",\"url\":\"https:\\\/\\\/secure.gravatar.com\\\/avatar\\\/c73d2117f3ec61091afdf625f1ad2d579f2a0f2427b1775b7607f9cf667bf903?s=96&d=mm&r=g\",\"contentUrl\":\"https:\\\/\\\/secure.gravatar.com\\\/avatar\\\/c73d2117f3ec61091afdf625f1ad2d579f2a0f2427b1775b7607f9cf667bf903?s=96&d=mm&r=g\",\"caption\":\"Rafaela de Vasconcelos\"},\"url\":\"https:\\\/\\\/acontradicao.pt\\\/?author=28\"}]}<\/script>\n<!-- \/ Yoast SEO plugin. -->","yoast_head_json":{"title":"O mundo fora do nosso mundo - AContradi\u00e7\u00e3o","description":"Come\u00e7o este texto por afirmar uma m\u00e1xima para alguns, pol\u00e9mica, mas conhecida por todos: a comunica\u00e7\u00e3o social n\u00e3o \u00e9 imparcial.","robots":{"index":"index","follow":"follow","max-snippet":"max-snippet:-1","max-image-preview":"max-image-preview:large","max-video-preview":"max-video-preview:-1"},"canonical":"https:\/\/acontradicao.pt\/?p=575","og_locale":"pt_PT","og_type":"article","og_title":"O mundo fora do nosso mundo - AContradi\u00e7\u00e3o","og_description":"Come\u00e7o este texto por afirmar uma m\u00e1xima para alguns, pol\u00e9mica, mas conhecida por todos: a comunica\u00e7\u00e3o social n\u00e3o \u00e9 imparcial.","og_url":"https:\/\/acontradicao.pt\/?p=575","og_site_name":"AContradi\u00e7\u00e3o","article_published_time":"2026-04-29T21:23:00+00:00","article_modified_time":"2026-04-29T21:23:02+00:00","og_image":[{"width":1280,"height":905,"url":"https:\/\/acontradicao.pt\/wp-content\/uploads\/2026\/04\/WhatsApp-Image-2026-04-29-at-19.12.33.jpeg","type":"image\/jpeg"}],"author":"Rafaela de Vasconcelos","twitter_card":"summary_large_image","twitter_misc":{"Escrito por":"Rafaela de Vasconcelos","Tempo estimado de leitura":"4 minutos"},"schema":{"@context":"https:\/\/schema.org","@graph":[{"@type":"Article","@id":"https:\/\/acontradicao.pt\/?p=575#article","isPartOf":{"@id":"https:\/\/acontradicao.pt\/?p=575"},"author":{"name":"Rafaela de Vasconcelos","@id":"https:\/\/acontradicao.pt\/#\/schema\/person\/b42790a2289a7fc82a4bcdf9ff766bec"},"headline":"O mundo fora do nosso mundo","datePublished":"2026-04-29T21:23:00+00:00","dateModified":"2026-04-29T21:23:02+00:00","mainEntityOfPage":{"@id":"https:\/\/acontradicao.pt\/?p=575"},"wordCount":727,"commentCount":0,"publisher":{"@id":"https:\/\/acontradicao.pt\/#organization"},"image":{"@id":"https:\/\/acontradicao.pt\/?p=575#primaryimage"},"thumbnailUrl":"https:\/\/acontradicao.pt\/wp-content\/uploads\/2026\/04\/WhatsApp-Image-2026-04-29-at-19.12.33.jpeg","articleSection":["Uncategorized"],"inLanguage":"pt-PT","potentialAction":[{"@type":"CommentAction","name":"Comment","target":["https:\/\/acontradicao.pt\/?p=575#respond"]}]},{"@type":"WebPage","@id":"https:\/\/acontradicao.pt\/?p=575","url":"https:\/\/acontradicao.pt\/?p=575","name":"O mundo fora do nosso mundo - AContradi\u00e7\u00e3o","isPartOf":{"@id":"https:\/\/acontradicao.pt\/#website"},"primaryImageOfPage":{"@id":"https:\/\/acontradicao.pt\/?p=575#primaryimage"},"image":{"@id":"https:\/\/acontradicao.pt\/?p=575#primaryimage"},"thumbnailUrl":"https:\/\/acontradicao.pt\/wp-content\/uploads\/2026\/04\/WhatsApp-Image-2026-04-29-at-19.12.33.jpeg","datePublished":"2026-04-29T21:23:00+00:00","dateModified":"2026-04-29T21:23:02+00:00","description":"Come\u00e7o este texto por afirmar uma m\u00e1xima para alguns, pol\u00e9mica, mas conhecida por todos: a comunica\u00e7\u00e3o social n\u00e3o \u00e9 imparcial.","breadcrumb":{"@id":"https:\/\/acontradicao.pt\/?p=575#breadcrumb"},"inLanguage":"pt-PT","potentialAction":[{"@type":"ReadAction","target":["https:\/\/acontradicao.pt\/?p=575"]}]},{"@type":"ImageObject","inLanguage":"pt-PT","@id":"https:\/\/acontradicao.pt\/?p=575#primaryimage","url":"https:\/\/acontradicao.pt\/wp-content\/uploads\/2026\/04\/WhatsApp-Image-2026-04-29-at-19.12.33.jpeg","contentUrl":"https:\/\/acontradicao.pt\/wp-content\/uploads\/2026\/04\/WhatsApp-Image-2026-04-29-at-19.12.33.jpeg","width":1280,"height":905},{"@type":"BreadcrumbList","@id":"https:\/\/acontradicao.pt\/?p=575#breadcrumb","itemListElement":[{"@type":"ListItem","position":1,"name":"Home","item":"https:\/\/acontradicao.pt\/"},{"@type":"ListItem","position":2,"name":"O mundo fora do nosso mundo"}]},{"@type":"WebSite","@id":"https:\/\/acontradicao.pt\/#website","url":"https:\/\/acontradicao.pt\/","name":"AContradi\u00e7\u00e3o","description":"","publisher":{"@id":"https:\/\/acontradicao.pt\/#organization"},"potentialAction":[{"@type":"SearchAction","target":{"@type":"EntryPoint","urlTemplate":"https:\/\/acontradicao.pt\/?s={search_term_string}"},"query-input":{"@type":"PropertyValueSpecification","valueRequired":true,"valueName":"search_term_string"}}],"inLanguage":"pt-PT"},{"@type":"Organization","@id":"https:\/\/acontradicao.pt\/#organization","name":"AContradi\u00e7\u00e3o","url":"https:\/\/acontradicao.pt\/","logo":{"@type":"ImageObject","inLanguage":"pt-PT","@id":"https:\/\/acontradicao.pt\/#\/schema\/logo\/image\/","url":"https:\/\/acontradicao.pt\/wp-content\/uploads\/2025\/02\/LogoAContradicaobranco.png","contentUrl":"https:\/\/acontradicao.pt\/wp-content\/uploads\/2025\/02\/LogoAContradicaobranco.png","width":4250,"height":975,"caption":"AContradi\u00e7\u00e3o"},"image":{"@id":"https:\/\/acontradicao.pt\/#\/schema\/logo\/image\/"}},{"@type":"Person","@id":"https:\/\/acontradicao.pt\/#\/schema\/person\/b42790a2289a7fc82a4bcdf9ff766bec","name":"Rafaela de Vasconcelos","image":{"@type":"ImageObject","inLanguage":"pt-PT","@id":"https:\/\/secure.gravatar.com\/avatar\/c73d2117f3ec61091afdf625f1ad2d579f2a0f2427b1775b7607f9cf667bf903?s=96&d=mm&r=g","url":"https:\/\/secure.gravatar.com\/avatar\/c73d2117f3ec61091afdf625f1ad2d579f2a0f2427b1775b7607f9cf667bf903?s=96&d=mm&r=g","contentUrl":"https:\/\/secure.gravatar.com\/avatar\/c73d2117f3ec61091afdf625f1ad2d579f2a0f2427b1775b7607f9cf667bf903?s=96&d=mm&r=g","caption":"Rafaela de Vasconcelos"},"url":"https:\/\/acontradicao.pt\/?author=28"}]}},"jetpack_featured_media_url":"https:\/\/acontradicao.pt\/wp-content\/uploads\/2026\/04\/WhatsApp-Image-2026-04-29-at-19.12.33.jpeg","_links":{"self":[{"href":"https:\/\/acontradicao.pt\/index.php?rest_route=\/wp\/v2\/posts\/575","targetHints":{"allow":["GET"]}}],"collection":[{"href":"https:\/\/acontradicao.pt\/index.php?rest_route=\/wp\/v2\/posts"}],"about":[{"href":"https:\/\/acontradicao.pt\/index.php?rest_route=\/wp\/v2\/types\/post"}],"author":[{"embeddable":true,"href":"https:\/\/acontradicao.pt\/index.php?rest_route=\/wp\/v2\/users\/28"}],"replies":[{"embeddable":true,"href":"https:\/\/acontradicao.pt\/index.php?rest_route=%2Fwp%2Fv2%2Fcomments&post=575"}],"version-history":[{"count":2,"href":"https:\/\/acontradicao.pt\/index.php?rest_route=\/wp\/v2\/posts\/575\/revisions"}],"predecessor-version":[{"id":579,"href":"https:\/\/acontradicao.pt\/index.php?rest_route=\/wp\/v2\/posts\/575\/revisions\/579"}],"wp:featuredmedia":[{"embeddable":true,"href":"https:\/\/acontradicao.pt\/index.php?rest_route=\/wp\/v2\/media\/578"}],"wp:attachment":[{"href":"https:\/\/acontradicao.pt\/index.php?rest_route=%2Fwp%2Fv2%2Fmedia&parent=575"}],"wp:term":[{"taxonomy":"category","embeddable":true,"href":"https:\/\/acontradicao.pt\/index.php?rest_route=%2Fwp%2Fv2%2Fcategories&post=575"},{"taxonomy":"post_tag","embeddable":true,"href":"https:\/\/acontradicao.pt\/index.php?rest_route=%2Fwp%2Fv2%2Ftags&post=575"}],"curies":[{"name":"wp","href":"https:\/\/api.w.org\/{rel}","templated":true}]}}