{"id":566,"date":"2026-04-27T14:10:06","date_gmt":"2026-04-27T14:10:06","guid":{"rendered":"https:\/\/acontradicao.pt\/?p=566"},"modified":"2026-04-27T14:54:24","modified_gmt":"2026-04-27T14:54:24","slug":"antes-de-expandir-a-ferrovia","status":"publish","type":"post","link":"https:\/\/acontradicao.pt\/?p=566","title":{"rendered":"Antes de expandir a ferrovia, \u00e9 preciso faz\u00ea-la funcionar"},"content":{"rendered":"\n<p>H\u00e1 um problema persistente no debate sobre a ferrovia em Portugal: discute-se o futuro sem resolver o presente. Nos \u00faltimos anos, o discurso pol\u00edtico tem insistido na expans\u00e3o da rede e na moderniza\u00e7\u00e3o do sistema, assente na ideia de que mais linhas e mais liga\u00e7\u00f5es resolver\u00e3o os d\u00e9fices existentes. No entanto, essa ambi\u00e7\u00e3o n\u00e3o corresponde ao funcionamento atual do sistema ferrovi\u00e1rio.<\/p>\n\n\n\n<p>A Comboios de Portugal continua a ser o principal operador nacional, mas enfrenta limita\u00e7\u00f5es conhecidas h\u00e1 demasiado tempo, desde a falta de capacidade at\u00e9 ao envelhecimento do material circulante e \u00e0 dificuldade em responder a uma procura crescente. Estas falhas n\u00e3o s\u00e3o epis\u00f3dicas. S\u00e3o consistentes e revelam um problema estrutural que se torna mais evidente precisamente onde o sistema \u00e9 mais exigido.<\/p>\n\n\n\n<p>A \u00c1rea Metropolitana do Porto constitui um exemplo claro dessa realidade. Trata-se de um dos principais centros urbanos do pa\u00eds, com elevada densidade populacional e forte depend\u00eancia de transportes p\u00fablicos para desloca\u00e7\u00f5es di\u00e1rias. Em teoria, seria o espa\u00e7o onde o sistema ferrovi\u00e1rio deveria apresentar maior fiabilidade e capacidade de resposta. Na pr\u00e1tica, persistem atrasos, sobrelota\u00e7\u00e3o e n\u00edveis de imprevisibilidade que condicionam a organiza\u00e7\u00e3o da vida quotidiana de milhares de pessoas.<\/p>\n\n\n\n<p>Esta realidade n\u00e3o pode ser tratada como um desvio pontual, mas sim como um indicador de falha estrutural. Se o sistema n\u00e3o responde de forma est\u00e1vel numa das zonas mais exigentes do pa\u00eds, torna-se dif\u00edcil sustentar que est\u00e1 preparado para uma expans\u00e3o significativa a n\u00edvel nacional. Ainda assim, o debate pol\u00edtico mant\u00e9m-se centrado no alargamento da rede, enquanto a opera\u00e7\u00e3o existente continua sob press\u00e3o.<\/p>\n\n\n\n<p>Este desequil\u00edbrio tem consequ\u00eancias que v\u00e3o al\u00e9m da efici\u00eancia do servi\u00e7o. O transporte p\u00fablico n\u00e3o \u00e9 apenas uma infraestrutura t\u00e9cnica; \u00e9 um instrumento essencial de acesso a direitos. O acesso ao trabalho, \u00e0 educa\u00e7\u00e3o ou \u00e0 sa\u00fade depende, para uma parte significativa da popula\u00e7\u00e3o, da exist\u00eancia de um sistema de mobilidade funcional. Quando esse sistema falha de forma reiterada, a desigualdade agrava-se, sobretudo para quem n\u00e3o disp\u00f5e de alternativas.<\/p>\n\n\n\n<p>\u00c9 neste ponto que a quest\u00e3o assume uma dimens\u00e3o jur\u00eddica relevante. A presta\u00e7\u00e3o de servi\u00e7os p\u00fablicos essenciais n\u00e3o se esgota na sua previs\u00e3o formal, exigindo antes uma concretiza\u00e7\u00e3o efetiva e acess\u00edvel. Quando o funcionamento desses servi\u00e7os \u00e9 insuficiente, os direitos associados tornam-se meramente formais, sem correspond\u00eancia na realidade vivida pelos cidad\u00e3os.<\/p>\n\n\n\n<p>Apesar disso, o modelo seguido nas \u00faltimas d\u00e9cadas tem mantido uma l\u00f3gica de fragmenta\u00e7\u00e3o e de insuficiente refor\u00e7o da capacidade p\u00fablica. Por um lado, anunciam-se investimentos e projetos de expans\u00e3o; por outro, a opera\u00e7\u00e3o existente permanece condicionada por limita\u00e7\u00f5es persistentes. A isto acresce a crescente abertura a modelos de concess\u00e3o e externaliza\u00e7\u00e3o, que transferem a execu\u00e7\u00e3o do servi\u00e7o para entidades externas sem garantir, necessariamente, uma melhoria da sua qualidade.<\/p>\n\n\n\n<p>Neste contexto, a diverg\u00eancia pol\u00edtica entre PSD e PS tende a esbater-se na pr\u00e1tica. Embora com diferen\u00e7as de discurso, ambos t\u00eam contribu\u00eddo para um modelo em que o Estado reduz o seu papel na opera\u00e7\u00e3o direta, assumindo progressivamente fun\u00e7\u00f5es de regula\u00e7\u00e3o e gest\u00e3o contratual. Este afastamento levanta quest\u00f5es relevantes quanto \u00e0 capacidade efetiva de controlo e resposta do sistema p\u00fablico.<\/p>\n\n\n\n<p>Uma pol\u00edtica p\u00fablica coerente exigiria uma invers\u00e3o clara de prioridades. Antes de discutir a expans\u00e3o da rede ferrovi\u00e1ria, \u00e9 necess\u00e1rio garantir a robustez do sistema existente, assegurando n\u00edveis adequados de capacidade, fiabilidade e previsibilidade. Isso implica investimento p\u00fablico consistente, refor\u00e7o da capacidade operacional da CP e uma estrat\u00e9gia centrada no funcionamento real do servi\u00e7o.<\/p>\n\n\n\n<p>Sem essa base, qualquer expans\u00e3o ser\u00e1 estruturalmente limitada, reproduzindo em maior escala os problemas j\u00e1 existentes. A ferrovia pode desempenhar um papel determinante na coes\u00e3o territorial e na transi\u00e7\u00e3o energ\u00e9tica, mas esse papel depende da sua efic\u00e1cia concreta.<\/p>\n\n\n\n<p>No fundo, a quest\u00e3o \u00e9 simples: um sistema que n\u00e3o funciona de forma consistente no presente dificilmente poder\u00e1 sustentar as ambi\u00e7\u00f5es que lhe s\u00e3o projetadas para o futuro. E enquanto essa contradi\u00e7\u00e3o n\u00e3o for resolvida, a ferrovia continuar\u00e1 a ser apresentada como solu\u00e7\u00e3o, sem o ser plenamente na pr\u00e1tica.<\/p>\n","protected":false},"excerpt":{"rendered":"<p>H\u00e1 um problema persistente no debate sobre a ferrovia em Portugal: discute-se o futuro sem resolver o presente. Nos \u00faltimos anos, o discurso pol\u00edtico tem insistido na expans\u00e3o da rede e na moderniza\u00e7\u00e3o do sistema, assente na ideia de que mais linhas e mais liga\u00e7\u00f5es resolver\u00e3o os d\u00e9fices existentes. No entanto, essa ambi\u00e7\u00e3o n\u00e3o corresponde [&hellip;]<\/p>\n","protected":false},"author":27,"featured_media":567,"comment_status":"open","ping_status":"open","sticky":false,"template":"","format":"standard","meta":{"_acf_changed":false,"footnotes":""},"categories":[1],"tags":[92,90],"class_list":["post-566","post","type-post","status-publish","format-standard","has-post-thumbnail","hentry","category-uncategorized","tag-ferrovia","tag-transportes"],"acf":[],"yoast_head":"<!-- This site is optimized with the Yoast SEO plugin v27.5 - https:\/\/yoast.com\/product\/yoast-seo-wordpress\/ -->\n<title>Antes de expandir a ferrovia, \u00e9 preciso faz\u00ea-la funcionar - AContradi\u00e7\u00e3o<\/title>\n<meta name=\"description\" content=\"Se nem na \u00c1rea Metropolitana do Porto o sistema ferrovi\u00e1rio responde com fiabilidade, o problema n\u00e3o \u00e9 de expans\u00e3o. \u00c9 de modelo.\" \/>\n<meta name=\"robots\" content=\"index, follow, max-snippet:-1, max-image-preview:large, max-video-preview:-1\" \/>\n<link rel=\"canonical\" href=\"https:\/\/acontradicao.pt\/?p=566\" \/>\n<meta property=\"og:locale\" content=\"pt_PT\" \/>\n<meta property=\"og:type\" content=\"article\" \/>\n<meta property=\"og:title\" content=\"Antes de expandir a ferrovia, \u00e9 preciso faz\u00ea-la funcionar - AContradi\u00e7\u00e3o\" \/>\n<meta property=\"og:description\" content=\"Se nem na \u00c1rea Metropolitana do Porto o sistema ferrovi\u00e1rio responde com fiabilidade, o problema n\u00e3o \u00e9 de expans\u00e3o. \u00c9 de modelo.\" \/>\n<meta property=\"og:url\" content=\"https:\/\/acontradicao.pt\/?p=566\" \/>\n<meta property=\"og:site_name\" content=\"AContradi\u00e7\u00e3o\" \/>\n<meta property=\"article:published_time\" content=\"2026-04-27T14:10:06+00:00\" \/>\n<meta property=\"article:modified_time\" content=\"2026-04-27T14:54:24+00:00\" \/>\n<meta property=\"og:image\" content=\"https:\/\/acontradicao.pt\/wp-content\/uploads\/2026\/04\/mw-694-7.webp\" \/>\n\t<meta property=\"og:image:width\" content=\"694\" \/>\n\t<meta property=\"og:image:height\" content=\"463\" \/>\n\t<meta property=\"og:image:type\" content=\"image\/webp\" \/>\n<meta name=\"author\" content=\"Tiago Matos\" \/>\n<meta name=\"twitter:card\" content=\"summary_large_image\" \/>\n<meta name=\"twitter:label1\" content=\"Escrito por\" \/>\n\t<meta name=\"twitter:data1\" content=\"Tiago Matos\" \/>\n\t<meta name=\"twitter:label2\" content=\"Tempo estimado de leitura\" \/>\n\t<meta name=\"twitter:data2\" content=\"4 minutos\" \/>\n<script type=\"application\/ld+json\" class=\"yoast-schema-graph\">{\"@context\":\"https:\\\/\\\/schema.org\",\"@graph\":[{\"@type\":\"Article\",\"@id\":\"https:\\\/\\\/acontradicao.pt\\\/?p=566#article\",\"isPartOf\":{\"@id\":\"https:\\\/\\\/acontradicao.pt\\\/?p=566\"},\"author\":{\"name\":\"Tiago Matos\",\"@id\":\"https:\\\/\\\/acontradicao.pt\\\/#\\\/schema\\\/person\\\/370aea1e276b0621d1103416a1f09bb7\"},\"headline\":\"Antes de expandir a ferrovia, \u00e9 preciso faz\u00ea-la funcionar\",\"datePublished\":\"2026-04-27T14:10:06+00:00\",\"dateModified\":\"2026-04-27T14:54:24+00:00\",\"mainEntityOfPage\":{\"@id\":\"https:\\\/\\\/acontradicao.pt\\\/?p=566\"},\"wordCount\":757,\"commentCount\":0,\"publisher\":{\"@id\":\"https:\\\/\\\/acontradicao.pt\\\/#organization\"},\"image\":{\"@id\":\"https:\\\/\\\/acontradicao.pt\\\/?p=566#primaryimage\"},\"thumbnailUrl\":\"https:\\\/\\\/acontradicao.pt\\\/wp-content\\\/uploads\\\/2026\\\/04\\\/mw-694-7.webp\",\"keywords\":[\"ferrovia\",\"transportes\"],\"articleSection\":[\"Uncategorized\"],\"inLanguage\":\"pt-PT\",\"potentialAction\":[{\"@type\":\"CommentAction\",\"name\":\"Comment\",\"target\":[\"https:\\\/\\\/acontradicao.pt\\\/?p=566#respond\"]}]},{\"@type\":\"WebPage\",\"@id\":\"https:\\\/\\\/acontradicao.pt\\\/?p=566\",\"url\":\"https:\\\/\\\/acontradicao.pt\\\/?p=566\",\"name\":\"Antes de expandir a ferrovia, \u00e9 preciso faz\u00ea-la funcionar - AContradi\u00e7\u00e3o\",\"isPartOf\":{\"@id\":\"https:\\\/\\\/acontradicao.pt\\\/#website\"},\"primaryImageOfPage\":{\"@id\":\"https:\\\/\\\/acontradicao.pt\\\/?p=566#primaryimage\"},\"image\":{\"@id\":\"https:\\\/\\\/acontradicao.pt\\\/?p=566#primaryimage\"},\"thumbnailUrl\":\"https:\\\/\\\/acontradicao.pt\\\/wp-content\\\/uploads\\\/2026\\\/04\\\/mw-694-7.webp\",\"datePublished\":\"2026-04-27T14:10:06+00:00\",\"dateModified\":\"2026-04-27T14:54:24+00:00\",\"description\":\"Se nem na \u00c1rea Metropolitana do Porto o sistema ferrovi\u00e1rio responde com fiabilidade, o problema n\u00e3o \u00e9 de expans\u00e3o. \u00c9 de modelo.\",\"breadcrumb\":{\"@id\":\"https:\\\/\\\/acontradicao.pt\\\/?p=566#breadcrumb\"},\"inLanguage\":\"pt-PT\",\"potentialAction\":[{\"@type\":\"ReadAction\",\"target\":[\"https:\\\/\\\/acontradicao.pt\\\/?p=566\"]}]},{\"@type\":\"ImageObject\",\"inLanguage\":\"pt-PT\",\"@id\":\"https:\\\/\\\/acontradicao.pt\\\/?p=566#primaryimage\",\"url\":\"https:\\\/\\\/acontradicao.pt\\\/wp-content\\\/uploads\\\/2026\\\/04\\\/mw-694-7.webp\",\"contentUrl\":\"https:\\\/\\\/acontradicao.pt\\\/wp-content\\\/uploads\\\/2026\\\/04\\\/mw-694-7.webp\",\"width\":694,\"height\":463,\"caption\":\"\u00a9 Estela Silva\\\/LUSA\"},{\"@type\":\"BreadcrumbList\",\"@id\":\"https:\\\/\\\/acontradicao.pt\\\/?p=566#breadcrumb\",\"itemListElement\":[{\"@type\":\"ListItem\",\"position\":1,\"name\":\"Home\",\"item\":\"https:\\\/\\\/acontradicao.pt\\\/\"},{\"@type\":\"ListItem\",\"position\":2,\"name\":\"Antes de expandir a ferrovia, \u00e9 preciso faz\u00ea-la funcionar\"}]},{\"@type\":\"WebSite\",\"@id\":\"https:\\\/\\\/acontradicao.pt\\\/#website\",\"url\":\"https:\\\/\\\/acontradicao.pt\\\/\",\"name\":\"AContradi\u00e7\u00e3o\",\"description\":\"\",\"publisher\":{\"@id\":\"https:\\\/\\\/acontradicao.pt\\\/#organization\"},\"potentialAction\":[{\"@type\":\"SearchAction\",\"target\":{\"@type\":\"EntryPoint\",\"urlTemplate\":\"https:\\\/\\\/acontradicao.pt\\\/?s={search_term_string}\"},\"query-input\":{\"@type\":\"PropertyValueSpecification\",\"valueRequired\":true,\"valueName\":\"search_term_string\"}}],\"inLanguage\":\"pt-PT\"},{\"@type\":\"Organization\",\"@id\":\"https:\\\/\\\/acontradicao.pt\\\/#organization\",\"name\":\"AContradi\u00e7\u00e3o\",\"url\":\"https:\\\/\\\/acontradicao.pt\\\/\",\"logo\":{\"@type\":\"ImageObject\",\"inLanguage\":\"pt-PT\",\"@id\":\"https:\\\/\\\/acontradicao.pt\\\/#\\\/schema\\\/logo\\\/image\\\/\",\"url\":\"https:\\\/\\\/acontradicao.pt\\\/wp-content\\\/uploads\\\/2025\\\/02\\\/LogoAContradicaobranco.png\",\"contentUrl\":\"https:\\\/\\\/acontradicao.pt\\\/wp-content\\\/uploads\\\/2025\\\/02\\\/LogoAContradicaobranco.png\",\"width\":4250,\"height\":975,\"caption\":\"AContradi\u00e7\u00e3o\"},\"image\":{\"@id\":\"https:\\\/\\\/acontradicao.pt\\\/#\\\/schema\\\/logo\\\/image\\\/\"}},{\"@type\":\"Person\",\"@id\":\"https:\\\/\\\/acontradicao.pt\\\/#\\\/schema\\\/person\\\/370aea1e276b0621d1103416a1f09bb7\",\"name\":\"Tiago Matos\",\"image\":{\"@type\":\"ImageObject\",\"inLanguage\":\"pt-PT\",\"@id\":\"https:\\\/\\\/secure.gravatar.com\\\/avatar\\\/6b58ce48daf37ad53267d11c2655a018888b1ba173487090ecbf914ae5754271?s=96&d=mm&r=g\",\"url\":\"https:\\\/\\\/secure.gravatar.com\\\/avatar\\\/6b58ce48daf37ad53267d11c2655a018888b1ba173487090ecbf914ae5754271?s=96&d=mm&r=g\",\"contentUrl\":\"https:\\\/\\\/secure.gravatar.com\\\/avatar\\\/6b58ce48daf37ad53267d11c2655a018888b1ba173487090ecbf914ae5754271?s=96&d=mm&r=g\",\"caption\":\"Tiago Matos\"},\"url\":\"https:\\\/\\\/acontradicao.pt\\\/?author=27\"}]}<\/script>\n<!-- \/ Yoast SEO plugin. -->","yoast_head_json":{"title":"Antes de expandir a ferrovia, \u00e9 preciso faz\u00ea-la funcionar - AContradi\u00e7\u00e3o","description":"Se nem na \u00c1rea Metropolitana do Porto o sistema ferrovi\u00e1rio responde com fiabilidade, o problema n\u00e3o \u00e9 de expans\u00e3o. \u00c9 de modelo.","robots":{"index":"index","follow":"follow","max-snippet":"max-snippet:-1","max-image-preview":"max-image-preview:large","max-video-preview":"max-video-preview:-1"},"canonical":"https:\/\/acontradicao.pt\/?p=566","og_locale":"pt_PT","og_type":"article","og_title":"Antes de expandir a ferrovia, \u00e9 preciso faz\u00ea-la funcionar - AContradi\u00e7\u00e3o","og_description":"Se nem na \u00c1rea Metropolitana do Porto o sistema ferrovi\u00e1rio responde com fiabilidade, o problema n\u00e3o \u00e9 de expans\u00e3o. \u00c9 de modelo.","og_url":"https:\/\/acontradicao.pt\/?p=566","og_site_name":"AContradi\u00e7\u00e3o","article_published_time":"2026-04-27T14:10:06+00:00","article_modified_time":"2026-04-27T14:54:24+00:00","og_image":[{"width":694,"height":463,"url":"https:\/\/acontradicao.pt\/wp-content\/uploads\/2026\/04\/mw-694-7.webp","type":"image\/webp"}],"author":"Tiago Matos","twitter_card":"summary_large_image","twitter_misc":{"Escrito por":"Tiago Matos","Tempo estimado de leitura":"4 minutos"},"schema":{"@context":"https:\/\/schema.org","@graph":[{"@type":"Article","@id":"https:\/\/acontradicao.pt\/?p=566#article","isPartOf":{"@id":"https:\/\/acontradicao.pt\/?p=566"},"author":{"name":"Tiago Matos","@id":"https:\/\/acontradicao.pt\/#\/schema\/person\/370aea1e276b0621d1103416a1f09bb7"},"headline":"Antes de expandir a ferrovia, \u00e9 preciso faz\u00ea-la funcionar","datePublished":"2026-04-27T14:10:06+00:00","dateModified":"2026-04-27T14:54:24+00:00","mainEntityOfPage":{"@id":"https:\/\/acontradicao.pt\/?p=566"},"wordCount":757,"commentCount":0,"publisher":{"@id":"https:\/\/acontradicao.pt\/#organization"},"image":{"@id":"https:\/\/acontradicao.pt\/?p=566#primaryimage"},"thumbnailUrl":"https:\/\/acontradicao.pt\/wp-content\/uploads\/2026\/04\/mw-694-7.webp","keywords":["ferrovia","transportes"],"articleSection":["Uncategorized"],"inLanguage":"pt-PT","potentialAction":[{"@type":"CommentAction","name":"Comment","target":["https:\/\/acontradicao.pt\/?p=566#respond"]}]},{"@type":"WebPage","@id":"https:\/\/acontradicao.pt\/?p=566","url":"https:\/\/acontradicao.pt\/?p=566","name":"Antes de expandir a ferrovia, \u00e9 preciso faz\u00ea-la funcionar - AContradi\u00e7\u00e3o","isPartOf":{"@id":"https:\/\/acontradicao.pt\/#website"},"primaryImageOfPage":{"@id":"https:\/\/acontradicao.pt\/?p=566#primaryimage"},"image":{"@id":"https:\/\/acontradicao.pt\/?p=566#primaryimage"},"thumbnailUrl":"https:\/\/acontradicao.pt\/wp-content\/uploads\/2026\/04\/mw-694-7.webp","datePublished":"2026-04-27T14:10:06+00:00","dateModified":"2026-04-27T14:54:24+00:00","description":"Se nem na \u00c1rea Metropolitana do Porto o sistema ferrovi\u00e1rio responde com fiabilidade, o problema n\u00e3o \u00e9 de expans\u00e3o. \u00c9 de modelo.","breadcrumb":{"@id":"https:\/\/acontradicao.pt\/?p=566#breadcrumb"},"inLanguage":"pt-PT","potentialAction":[{"@type":"ReadAction","target":["https:\/\/acontradicao.pt\/?p=566"]}]},{"@type":"ImageObject","inLanguage":"pt-PT","@id":"https:\/\/acontradicao.pt\/?p=566#primaryimage","url":"https:\/\/acontradicao.pt\/wp-content\/uploads\/2026\/04\/mw-694-7.webp","contentUrl":"https:\/\/acontradicao.pt\/wp-content\/uploads\/2026\/04\/mw-694-7.webp","width":694,"height":463,"caption":"\u00a9 Estela Silva\/LUSA"},{"@type":"BreadcrumbList","@id":"https:\/\/acontradicao.pt\/?p=566#breadcrumb","itemListElement":[{"@type":"ListItem","position":1,"name":"Home","item":"https:\/\/acontradicao.pt\/"},{"@type":"ListItem","position":2,"name":"Antes de expandir a ferrovia, \u00e9 preciso faz\u00ea-la funcionar"}]},{"@type":"WebSite","@id":"https:\/\/acontradicao.pt\/#website","url":"https:\/\/acontradicao.pt\/","name":"AContradi\u00e7\u00e3o","description":"","publisher":{"@id":"https:\/\/acontradicao.pt\/#organization"},"potentialAction":[{"@type":"SearchAction","target":{"@type":"EntryPoint","urlTemplate":"https:\/\/acontradicao.pt\/?s={search_term_string}"},"query-input":{"@type":"PropertyValueSpecification","valueRequired":true,"valueName":"search_term_string"}}],"inLanguage":"pt-PT"},{"@type":"Organization","@id":"https:\/\/acontradicao.pt\/#organization","name":"AContradi\u00e7\u00e3o","url":"https:\/\/acontradicao.pt\/","logo":{"@type":"ImageObject","inLanguage":"pt-PT","@id":"https:\/\/acontradicao.pt\/#\/schema\/logo\/image\/","url":"https:\/\/acontradicao.pt\/wp-content\/uploads\/2025\/02\/LogoAContradicaobranco.png","contentUrl":"https:\/\/acontradicao.pt\/wp-content\/uploads\/2025\/02\/LogoAContradicaobranco.png","width":4250,"height":975,"caption":"AContradi\u00e7\u00e3o"},"image":{"@id":"https:\/\/acontradicao.pt\/#\/schema\/logo\/image\/"}},{"@type":"Person","@id":"https:\/\/acontradicao.pt\/#\/schema\/person\/370aea1e276b0621d1103416a1f09bb7","name":"Tiago Matos","image":{"@type":"ImageObject","inLanguage":"pt-PT","@id":"https:\/\/secure.gravatar.com\/avatar\/6b58ce48daf37ad53267d11c2655a018888b1ba173487090ecbf914ae5754271?s=96&d=mm&r=g","url":"https:\/\/secure.gravatar.com\/avatar\/6b58ce48daf37ad53267d11c2655a018888b1ba173487090ecbf914ae5754271?s=96&d=mm&r=g","contentUrl":"https:\/\/secure.gravatar.com\/avatar\/6b58ce48daf37ad53267d11c2655a018888b1ba173487090ecbf914ae5754271?s=96&d=mm&r=g","caption":"Tiago Matos"},"url":"https:\/\/acontradicao.pt\/?author=27"}]}},"jetpack_featured_media_url":"https:\/\/acontradicao.pt\/wp-content\/uploads\/2026\/04\/mw-694-7.webp","_links":{"self":[{"href":"https:\/\/acontradicao.pt\/index.php?rest_route=\/wp\/v2\/posts\/566","targetHints":{"allow":["GET"]}}],"collection":[{"href":"https:\/\/acontradicao.pt\/index.php?rest_route=\/wp\/v2\/posts"}],"about":[{"href":"https:\/\/acontradicao.pt\/index.php?rest_route=\/wp\/v2\/types\/post"}],"author":[{"embeddable":true,"href":"https:\/\/acontradicao.pt\/index.php?rest_route=\/wp\/v2\/users\/27"}],"replies":[{"embeddable":true,"href":"https:\/\/acontradicao.pt\/index.php?rest_route=%2Fwp%2Fv2%2Fcomments&post=566"}],"version-history":[{"count":1,"href":"https:\/\/acontradicao.pt\/index.php?rest_route=\/wp\/v2\/posts\/566\/revisions"}],"predecessor-version":[{"id":568,"href":"https:\/\/acontradicao.pt\/index.php?rest_route=\/wp\/v2\/posts\/566\/revisions\/568"}],"wp:featuredmedia":[{"embeddable":true,"href":"https:\/\/acontradicao.pt\/index.php?rest_route=\/wp\/v2\/media\/567"}],"wp:attachment":[{"href":"https:\/\/acontradicao.pt\/index.php?rest_route=%2Fwp%2Fv2%2Fmedia&parent=566"}],"wp:term":[{"taxonomy":"category","embeddable":true,"href":"https:\/\/acontradicao.pt\/index.php?rest_route=%2Fwp%2Fv2%2Fcategories&post=566"},{"taxonomy":"post_tag","embeddable":true,"href":"https:\/\/acontradicao.pt\/index.php?rest_route=%2Fwp%2Fv2%2Ftags&post=566"}],"curies":[{"name":"wp","href":"https:\/\/api.w.org\/{rel}","templated":true}]}}