{"id":562,"date":"2026-04-27T14:06:03","date_gmt":"2026-04-27T14:06:03","guid":{"rendered":"https:\/\/acontradicao.pt\/?p=562"},"modified":"2026-04-27T14:06:05","modified_gmt":"2026-04-27T14:06:05","slug":"eixos-politica-externa","status":"publish","type":"post","link":"https:\/\/acontradicao.pt\/?p=562","title":{"rendered":"Notas sobre o eixo da dec\u00eancia"},"content":{"rendered":"\n<p>No estudo das Rela\u00e7\u00f5es Internacionais ensina-se, desde o primeiro dia, o grande dogma da nossa diplomacia: os tr\u00eas eixos da pol\u00edtica externa portuguesa. Aprendemos que Portugal se equilibra no mundo atrav\u00e9s do eixo Europeu, do eixo Atl\u00e2ntico e do eixo Lus\u00f3fono. Esta geometria perfeitinha \u00e9 repetida por todos os governos para justificar, na pr\u00e1tica, quase qualquer decis\u00e3o.<\/p>\n\n\n\n<p>Mas basta olhar para o M\u00e9dio Oriente hoje para perceber que a este tri\u00e2ngulo falta um pilar essencial. Falta-lhe o eixo da dec\u00eancia. E a sua aus\u00eancia exp\u00f5e a hipocrisia de um Estado que fala em paz, mas que na pr\u00e1tica facilita a guerra.<\/p>\n\n\n\n<p>Olhemos para o chamado eixo Atl\u00e2ntico. Historicamente vendido como uma alian\u00e7a de seguran\u00e7a m\u00fatua com os Estados Unidos, transformou-se num sin\u00f3nimo de subservi\u00eancia acr\u00edtica. A Base das Lajes, nos A\u00e7ores, \u00e9 o retrato perfeito desta rela\u00e7\u00e3o. Em vez de ser gerida como um ativo de um Estado soberano, tem funcionado como uma passadeira vermelha para os interesses b\u00e9licos norte-americanos.<\/p>\n\n\n\n<p>A escalada de viol\u00eancia que assistimos hoje, com as sucessivas agress\u00f5es e provoca\u00e7\u00f5es dos Estados Unidos e de Israel contra o Ir\u00e3o e outros pa\u00edses da regi\u00e3o, n\u00e3o acontece num v\u00e1cuo. Acontece com a coniv\u00eancia de aliados que silenciam as viola\u00e7\u00f5es do Direito Internacional. Numa altura em que o Estado israelita atua com total impunidade, servindo de bra\u00e7o armado dos interesses ocidentais no M\u00e9dio Oriente, qual \u00e9 o papel de Portugal?<\/p>\n\n\n\n<p>A dec\u00eancia de um governo mede-se aqui. Mede-se pela coragem de exigir que o Direito Internacional n\u00e3o seja apenas um manual de boas maneiras aplicado a vulso aos nossos inimigos, mas uma regra de ouro exigida tamb\u00e9m aos nossos &#8220;aliados&#8221;. Onde est\u00e1 a dec\u00eancia de um governo portugu\u00eas que permite que infraestruturas nacionais, como as Lajes, possam servir de escala log\u00edstica, apoio ou corredor a\u00e9reo para o bombardeamento de outros pa\u00edses soberanos?<\/p>\n\n\n\n<p>Um Estado decente n\u00e3o passa cheques em branco. Um Estado decente e soberano utiliza o pouco ou muito peso diplom\u00e1tico que tem para vetar o uso do seu territ\u00f3rio em manobras de agress\u00e3o imperialista. Consentir que a nossa geografia sirva de rampa de lan\u00e7amento para os ataques americanos e israelitas n\u00e3o \u00e9 pragmatismo diplom\u00e1tico nem cumprimento de alian\u00e7as. \u00c9, isso sim, cumplicidade com a barb\u00e1rie.<\/p>\n\n\n\n<p>Os tr\u00eas eixos da nossa pol\u00edtica externa de nada servem se n\u00e3o estiverem ancorados na defesa intransigente da paz, dos Direitos Humanos e da autodetermina\u00e7\u00e3o dos povos. Enquanto a nossa diplomacia continuar a ser o bra\u00e7o administrativo dos interesses militares de Washington, continuaremos a ser um pa\u00eds sem o eixo da dec\u00eancia. E j\u00e1 \u00e9 tempo de o exigirmos.<\/p>\n","protected":false},"excerpt":{"rendered":"<p>No estudo das Rela\u00e7\u00f5es Internacionais ensina-se, desde o primeiro dia, o grande dogma da nossa diplomacia: os tr\u00eas eixos da pol\u00edtica externa portuguesa. Aprendemos que Portugal se equilibra no mundo atrav\u00e9s do eixo Europeu, do eixo Atl\u00e2ntico e do eixo Lus\u00f3fono. Esta geometria perfeitinha \u00e9 repetida por todos os governos para justificar, na pr\u00e1tica, quase [&hellip;]<\/p>\n","protected":false},"author":3,"featured_media":564,"comment_status":"open","ping_status":"open","sticky":false,"template":"","format":"standard","meta":{"_acf_changed":false,"footnotes":""},"categories":[1],"tags":[86,88],"class_list":["post-562","post","type-post","status-publish","format-standard","has-post-thumbnail","hentry","category-uncategorized","tag-soberania","tag-submissao"],"acf":[],"yoast_head":"<!-- This site is optimized with the Yoast SEO plugin v27.4 - https:\/\/yoast.com\/product\/yoast-seo-wordpress\/ -->\n<title>Notas sobre o eixo da dec\u00eancia - AContradi\u00e7\u00e3o<\/title>\n<meta name=\"description\" content=\"No estudo das Rela\u00e7\u00f5es Internacionais ensina-se, desde o primeiro dia, o grande dogma da nossa diplomacia: os tr\u00eas eixos da pol\u00edtica externa portuguesa. Aprendemos que Portugal se equilibra no mundo atrav\u00e9s do eixo Europeu, do eixo Atl\u00e2ntico e do eixo Lus\u00f3fono.\" \/>\n<meta name=\"robots\" content=\"index, follow, max-snippet:-1, max-image-preview:large, max-video-preview:-1\" \/>\n<link rel=\"canonical\" href=\"https:\/\/acontradicao.pt\/?p=562\" \/>\n<meta property=\"og:locale\" content=\"pt_PT\" \/>\n<meta property=\"og:type\" content=\"article\" \/>\n<meta property=\"og:title\" content=\"Notas sobre o eixo da dec\u00eancia - AContradi\u00e7\u00e3o\" \/>\n<meta property=\"og:description\" content=\"No estudo das Rela\u00e7\u00f5es Internacionais ensina-se, desde o primeiro dia, o grande dogma da nossa diplomacia: os tr\u00eas eixos da pol\u00edtica externa portuguesa. Aprendemos que Portugal se equilibra no mundo atrav\u00e9s do eixo Europeu, do eixo Atl\u00e2ntico e do eixo Lus\u00f3fono.\" \/>\n<meta property=\"og:url\" content=\"https:\/\/acontradicao.pt\/?p=562\" \/>\n<meta property=\"og:site_name\" content=\"AContradi\u00e7\u00e3o\" \/>\n<meta property=\"article:published_time\" content=\"2026-04-27T14:06:03+00:00\" \/>\n<meta property=\"article:modified_time\" content=\"2026-04-27T14:06:05+00:00\" \/>\n<meta property=\"og:image\" content=\"https:\/\/acontradicao.pt\/wp-content\/uploads\/2026\/04\/image-7.webp\" \/>\n\t<meta property=\"og:image:width\" content=\"1200\" \/>\n\t<meta property=\"og:image:height\" content=\"800\" \/>\n\t<meta property=\"og:image:type\" content=\"image\/webp\" \/>\n<meta name=\"author\" content=\"Diogo Mira\" \/>\n<meta name=\"twitter:card\" content=\"summary_large_image\" \/>\n<meta name=\"twitter:label1\" content=\"Escrito por\" \/>\n\t<meta name=\"twitter:data1\" content=\"Diogo Mira\" \/>\n\t<meta name=\"twitter:label2\" content=\"Tempo estimado de leitura\" \/>\n\t<meta name=\"twitter:data2\" content=\"3 minutos\" \/>\n<script type=\"application\/ld+json\" class=\"yoast-schema-graph\">{\"@context\":\"https:\\\/\\\/schema.org\",\"@graph\":[{\"@type\":\"Article\",\"@id\":\"https:\\\/\\\/acontradicao.pt\\\/?p=562#article\",\"isPartOf\":{\"@id\":\"https:\\\/\\\/acontradicao.pt\\\/?p=562\"},\"author\":{\"name\":\"Diogo Mira\",\"@id\":\"https:\\\/\\\/acontradicao.pt\\\/#\\\/schema\\\/person\\\/a7083a8c01d30c8243ec95984ec69ab5\"},\"headline\":\"Notas sobre o eixo da dec\u00eancia\",\"datePublished\":\"2026-04-27T14:06:03+00:00\",\"dateModified\":\"2026-04-27T14:06:05+00:00\",\"mainEntityOfPage\":{\"@id\":\"https:\\\/\\\/acontradicao.pt\\\/?p=562\"},\"wordCount\":488,\"commentCount\":0,\"publisher\":{\"@id\":\"https:\\\/\\\/acontradicao.pt\\\/#organization\"},\"image\":{\"@id\":\"https:\\\/\\\/acontradicao.pt\\\/?p=562#primaryimage\"},\"thumbnailUrl\":\"https:\\\/\\\/acontradicao.pt\\\/wp-content\\\/uploads\\\/2026\\\/04\\\/image-7.webp\",\"keywords\":[\"soberania\",\"submissao\"],\"articleSection\":[\"Uncategorized\"],\"inLanguage\":\"pt-PT\",\"potentialAction\":[{\"@type\":\"CommentAction\",\"name\":\"Comment\",\"target\":[\"https:\\\/\\\/acontradicao.pt\\\/?p=562#respond\"]}]},{\"@type\":\"WebPage\",\"@id\":\"https:\\\/\\\/acontradicao.pt\\\/?p=562\",\"url\":\"https:\\\/\\\/acontradicao.pt\\\/?p=562\",\"name\":\"Notas sobre o eixo da dec\u00eancia - AContradi\u00e7\u00e3o\",\"isPartOf\":{\"@id\":\"https:\\\/\\\/acontradicao.pt\\\/#website\"},\"primaryImageOfPage\":{\"@id\":\"https:\\\/\\\/acontradicao.pt\\\/?p=562#primaryimage\"},\"image\":{\"@id\":\"https:\\\/\\\/acontradicao.pt\\\/?p=562#primaryimage\"},\"thumbnailUrl\":\"https:\\\/\\\/acontradicao.pt\\\/wp-content\\\/uploads\\\/2026\\\/04\\\/image-7.webp\",\"datePublished\":\"2026-04-27T14:06:03+00:00\",\"dateModified\":\"2026-04-27T14:06:05+00:00\",\"description\":\"No estudo das Rela\u00e7\u00f5es Internacionais ensina-se, desde o primeiro dia, o grande dogma da nossa diplomacia: os tr\u00eas eixos da pol\u00edtica externa portuguesa. Aprendemos que Portugal se equilibra no mundo atrav\u00e9s do eixo Europeu, do eixo Atl\u00e2ntico e do eixo Lus\u00f3fono.\",\"breadcrumb\":{\"@id\":\"https:\\\/\\\/acontradicao.pt\\\/?p=562#breadcrumb\"},\"inLanguage\":\"pt-PT\",\"potentialAction\":[{\"@type\":\"ReadAction\",\"target\":[\"https:\\\/\\\/acontradicao.pt\\\/?p=562\"]}]},{\"@type\":\"ImageObject\",\"inLanguage\":\"pt-PT\",\"@id\":\"https:\\\/\\\/acontradicao.pt\\\/?p=562#primaryimage\",\"url\":\"https:\\\/\\\/acontradicao.pt\\\/wp-content\\\/uploads\\\/2026\\\/04\\\/image-7.webp\",\"contentUrl\":\"https:\\\/\\\/acontradicao.pt\\\/wp-content\\\/uploads\\\/2026\\\/04\\\/image-7.webp\",\"width\":1200,\"height\":800,\"caption\":\"\u00a9 ANTONIO ARA\u00daJO\\\/EPA\"},{\"@type\":\"BreadcrumbList\",\"@id\":\"https:\\\/\\\/acontradicao.pt\\\/?p=562#breadcrumb\",\"itemListElement\":[{\"@type\":\"ListItem\",\"position\":1,\"name\":\"Home\",\"item\":\"https:\\\/\\\/acontradicao.pt\\\/\"},{\"@type\":\"ListItem\",\"position\":2,\"name\":\"Notas sobre o eixo da dec\u00eancia\"}]},{\"@type\":\"WebSite\",\"@id\":\"https:\\\/\\\/acontradicao.pt\\\/#website\",\"url\":\"https:\\\/\\\/acontradicao.pt\\\/\",\"name\":\"AContradi\u00e7\u00e3o\",\"description\":\"\",\"publisher\":{\"@id\":\"https:\\\/\\\/acontradicao.pt\\\/#organization\"},\"potentialAction\":[{\"@type\":\"SearchAction\",\"target\":{\"@type\":\"EntryPoint\",\"urlTemplate\":\"https:\\\/\\\/acontradicao.pt\\\/?s={search_term_string}\"},\"query-input\":{\"@type\":\"PropertyValueSpecification\",\"valueRequired\":true,\"valueName\":\"search_term_string\"}}],\"inLanguage\":\"pt-PT\"},{\"@type\":\"Organization\",\"@id\":\"https:\\\/\\\/acontradicao.pt\\\/#organization\",\"name\":\"AContradi\u00e7\u00e3o\",\"url\":\"https:\\\/\\\/acontradicao.pt\\\/\",\"logo\":{\"@type\":\"ImageObject\",\"inLanguage\":\"pt-PT\",\"@id\":\"https:\\\/\\\/acontradicao.pt\\\/#\\\/schema\\\/logo\\\/image\\\/\",\"url\":\"https:\\\/\\\/acontradicao.pt\\\/wp-content\\\/uploads\\\/2025\\\/02\\\/LogoAContradicaobranco.png\",\"contentUrl\":\"https:\\\/\\\/acontradicao.pt\\\/wp-content\\\/uploads\\\/2025\\\/02\\\/LogoAContradicaobranco.png\",\"width\":4250,\"height\":975,\"caption\":\"AContradi\u00e7\u00e3o\"},\"image\":{\"@id\":\"https:\\\/\\\/acontradicao.pt\\\/#\\\/schema\\\/logo\\\/image\\\/\"}},{\"@type\":\"Person\",\"@id\":\"https:\\\/\\\/acontradicao.pt\\\/#\\\/schema\\\/person\\\/a7083a8c01d30c8243ec95984ec69ab5\",\"name\":\"Diogo Mira\",\"image\":{\"@type\":\"ImageObject\",\"inLanguage\":\"pt-PT\",\"@id\":\"https:\\\/\\\/secure.gravatar.com\\\/avatar\\\/4c17d5e7e552c4f38012807f22f4d9bfaaa6b3916c49f9184dc3220bd480f1e6?s=96&d=mm&r=g\",\"url\":\"https:\\\/\\\/secure.gravatar.com\\\/avatar\\\/4c17d5e7e552c4f38012807f22f4d9bfaaa6b3916c49f9184dc3220bd480f1e6?s=96&d=mm&r=g\",\"contentUrl\":\"https:\\\/\\\/secure.gravatar.com\\\/avatar\\\/4c17d5e7e552c4f38012807f22f4d9bfaaa6b3916c49f9184dc3220bd480f1e6?s=96&d=mm&r=g\",\"caption\":\"Diogo Mira\"},\"description\":\"Diogo Mira \u00e9 licenciado em Rela\u00e7\u00f5es Internacionais e aficionado pela pol\u00edtica latino-americana. Curioso pelas inquietudes pol\u00edticas e viciado em fazer perguntas sem resposta. Almadense com costela alentejana, com o cante nos ouvidos desde sempre.\",\"url\":\"https:\\\/\\\/acontradicao.pt\\\/?author=3\"}]}<\/script>\n<!-- \/ Yoast SEO plugin. -->","yoast_head_json":{"title":"Notas sobre o eixo da dec\u00eancia - AContradi\u00e7\u00e3o","description":"No estudo das Rela\u00e7\u00f5es Internacionais ensina-se, desde o primeiro dia, o grande dogma da nossa diplomacia: os tr\u00eas eixos da pol\u00edtica externa portuguesa. Aprendemos que Portugal se equilibra no mundo atrav\u00e9s do eixo Europeu, do eixo Atl\u00e2ntico e do eixo Lus\u00f3fono.","robots":{"index":"index","follow":"follow","max-snippet":"max-snippet:-1","max-image-preview":"max-image-preview:large","max-video-preview":"max-video-preview:-1"},"canonical":"https:\/\/acontradicao.pt\/?p=562","og_locale":"pt_PT","og_type":"article","og_title":"Notas sobre o eixo da dec\u00eancia - AContradi\u00e7\u00e3o","og_description":"No estudo das Rela\u00e7\u00f5es Internacionais ensina-se, desde o primeiro dia, o grande dogma da nossa diplomacia: os tr\u00eas eixos da pol\u00edtica externa portuguesa. Aprendemos que Portugal se equilibra no mundo atrav\u00e9s do eixo Europeu, do eixo Atl\u00e2ntico e do eixo Lus\u00f3fono.","og_url":"https:\/\/acontradicao.pt\/?p=562","og_site_name":"AContradi\u00e7\u00e3o","article_published_time":"2026-04-27T14:06:03+00:00","article_modified_time":"2026-04-27T14:06:05+00:00","og_image":[{"width":1200,"height":800,"url":"https:\/\/acontradicao.pt\/wp-content\/uploads\/2026\/04\/image-7.webp","type":"image\/webp"}],"author":"Diogo Mira","twitter_card":"summary_large_image","twitter_misc":{"Escrito por":"Diogo Mira","Tempo estimado de leitura":"3 minutos"},"schema":{"@context":"https:\/\/schema.org","@graph":[{"@type":"Article","@id":"https:\/\/acontradicao.pt\/?p=562#article","isPartOf":{"@id":"https:\/\/acontradicao.pt\/?p=562"},"author":{"name":"Diogo Mira","@id":"https:\/\/acontradicao.pt\/#\/schema\/person\/a7083a8c01d30c8243ec95984ec69ab5"},"headline":"Notas sobre o eixo da dec\u00eancia","datePublished":"2026-04-27T14:06:03+00:00","dateModified":"2026-04-27T14:06:05+00:00","mainEntityOfPage":{"@id":"https:\/\/acontradicao.pt\/?p=562"},"wordCount":488,"commentCount":0,"publisher":{"@id":"https:\/\/acontradicao.pt\/#organization"},"image":{"@id":"https:\/\/acontradicao.pt\/?p=562#primaryimage"},"thumbnailUrl":"https:\/\/acontradicao.pt\/wp-content\/uploads\/2026\/04\/image-7.webp","keywords":["soberania","submissao"],"articleSection":["Uncategorized"],"inLanguage":"pt-PT","potentialAction":[{"@type":"CommentAction","name":"Comment","target":["https:\/\/acontradicao.pt\/?p=562#respond"]}]},{"@type":"WebPage","@id":"https:\/\/acontradicao.pt\/?p=562","url":"https:\/\/acontradicao.pt\/?p=562","name":"Notas sobre o eixo da dec\u00eancia - AContradi\u00e7\u00e3o","isPartOf":{"@id":"https:\/\/acontradicao.pt\/#website"},"primaryImageOfPage":{"@id":"https:\/\/acontradicao.pt\/?p=562#primaryimage"},"image":{"@id":"https:\/\/acontradicao.pt\/?p=562#primaryimage"},"thumbnailUrl":"https:\/\/acontradicao.pt\/wp-content\/uploads\/2026\/04\/image-7.webp","datePublished":"2026-04-27T14:06:03+00:00","dateModified":"2026-04-27T14:06:05+00:00","description":"No estudo das Rela\u00e7\u00f5es Internacionais ensina-se, desde o primeiro dia, o grande dogma da nossa diplomacia: os tr\u00eas eixos da pol\u00edtica externa portuguesa. Aprendemos que Portugal se equilibra no mundo atrav\u00e9s do eixo Europeu, do eixo Atl\u00e2ntico e do eixo Lus\u00f3fono.","breadcrumb":{"@id":"https:\/\/acontradicao.pt\/?p=562#breadcrumb"},"inLanguage":"pt-PT","potentialAction":[{"@type":"ReadAction","target":["https:\/\/acontradicao.pt\/?p=562"]}]},{"@type":"ImageObject","inLanguage":"pt-PT","@id":"https:\/\/acontradicao.pt\/?p=562#primaryimage","url":"https:\/\/acontradicao.pt\/wp-content\/uploads\/2026\/04\/image-7.webp","contentUrl":"https:\/\/acontradicao.pt\/wp-content\/uploads\/2026\/04\/image-7.webp","width":1200,"height":800,"caption":"\u00a9 ANTONIO ARA\u00daJO\/EPA"},{"@type":"BreadcrumbList","@id":"https:\/\/acontradicao.pt\/?p=562#breadcrumb","itemListElement":[{"@type":"ListItem","position":1,"name":"Home","item":"https:\/\/acontradicao.pt\/"},{"@type":"ListItem","position":2,"name":"Notas sobre o eixo da dec\u00eancia"}]},{"@type":"WebSite","@id":"https:\/\/acontradicao.pt\/#website","url":"https:\/\/acontradicao.pt\/","name":"AContradi\u00e7\u00e3o","description":"","publisher":{"@id":"https:\/\/acontradicao.pt\/#organization"},"potentialAction":[{"@type":"SearchAction","target":{"@type":"EntryPoint","urlTemplate":"https:\/\/acontradicao.pt\/?s={search_term_string}"},"query-input":{"@type":"PropertyValueSpecification","valueRequired":true,"valueName":"search_term_string"}}],"inLanguage":"pt-PT"},{"@type":"Organization","@id":"https:\/\/acontradicao.pt\/#organization","name":"AContradi\u00e7\u00e3o","url":"https:\/\/acontradicao.pt\/","logo":{"@type":"ImageObject","inLanguage":"pt-PT","@id":"https:\/\/acontradicao.pt\/#\/schema\/logo\/image\/","url":"https:\/\/acontradicao.pt\/wp-content\/uploads\/2025\/02\/LogoAContradicaobranco.png","contentUrl":"https:\/\/acontradicao.pt\/wp-content\/uploads\/2025\/02\/LogoAContradicaobranco.png","width":4250,"height":975,"caption":"AContradi\u00e7\u00e3o"},"image":{"@id":"https:\/\/acontradicao.pt\/#\/schema\/logo\/image\/"}},{"@type":"Person","@id":"https:\/\/acontradicao.pt\/#\/schema\/person\/a7083a8c01d30c8243ec95984ec69ab5","name":"Diogo Mira","image":{"@type":"ImageObject","inLanguage":"pt-PT","@id":"https:\/\/secure.gravatar.com\/avatar\/4c17d5e7e552c4f38012807f22f4d9bfaaa6b3916c49f9184dc3220bd480f1e6?s=96&d=mm&r=g","url":"https:\/\/secure.gravatar.com\/avatar\/4c17d5e7e552c4f38012807f22f4d9bfaaa6b3916c49f9184dc3220bd480f1e6?s=96&d=mm&r=g","contentUrl":"https:\/\/secure.gravatar.com\/avatar\/4c17d5e7e552c4f38012807f22f4d9bfaaa6b3916c49f9184dc3220bd480f1e6?s=96&d=mm&r=g","caption":"Diogo Mira"},"description":"Diogo Mira \u00e9 licenciado em Rela\u00e7\u00f5es Internacionais e aficionado pela pol\u00edtica latino-americana. Curioso pelas inquietudes pol\u00edticas e viciado em fazer perguntas sem resposta. Almadense com costela alentejana, com o cante nos ouvidos desde sempre.","url":"https:\/\/acontradicao.pt\/?author=3"}]}},"jetpack_featured_media_url":"https:\/\/acontradicao.pt\/wp-content\/uploads\/2026\/04\/image-7.webp","_links":{"self":[{"href":"https:\/\/acontradicao.pt\/index.php?rest_route=\/wp\/v2\/posts\/562","targetHints":{"allow":["GET"]}}],"collection":[{"href":"https:\/\/acontradicao.pt\/index.php?rest_route=\/wp\/v2\/posts"}],"about":[{"href":"https:\/\/acontradicao.pt\/index.php?rest_route=\/wp\/v2\/types\/post"}],"author":[{"embeddable":true,"href":"https:\/\/acontradicao.pt\/index.php?rest_route=\/wp\/v2\/users\/3"}],"replies":[{"embeddable":true,"href":"https:\/\/acontradicao.pt\/index.php?rest_route=%2Fwp%2Fv2%2Fcomments&post=562"}],"version-history":[{"count":1,"href":"https:\/\/acontradicao.pt\/index.php?rest_route=\/wp\/v2\/posts\/562\/revisions"}],"predecessor-version":[{"id":565,"href":"https:\/\/acontradicao.pt\/index.php?rest_route=\/wp\/v2\/posts\/562\/revisions\/565"}],"wp:featuredmedia":[{"embeddable":true,"href":"https:\/\/acontradicao.pt\/index.php?rest_route=\/wp\/v2\/media\/564"}],"wp:attachment":[{"href":"https:\/\/acontradicao.pt\/index.php?rest_route=%2Fwp%2Fv2%2Fmedia&parent=562"}],"wp:term":[{"taxonomy":"category","embeddable":true,"href":"https:\/\/acontradicao.pt\/index.php?rest_route=%2Fwp%2Fv2%2Fcategories&post=562"},{"taxonomy":"post_tag","embeddable":true,"href":"https:\/\/acontradicao.pt\/index.php?rest_route=%2Fwp%2Fv2%2Ftags&post=562"}],"curies":[{"name":"wp","href":"https:\/\/api.w.org\/{rel}","templated":true}]}}