{"id":558,"date":"2026-04-27T14:02:29","date_gmt":"2026-04-27T14:02:29","guid":{"rendered":"https:\/\/acontradicao.pt\/?p=558"},"modified":"2026-04-27T14:02:31","modified_gmt":"2026-04-27T14:02:31","slug":"estado-da-educacao","status":"publish","type":"post","link":"https:\/\/acontradicao.pt\/?p=558","title":{"rendered":"Estado da Educa\u00e7\u00e3o"},"content":{"rendered":"\n<p>Nas \u00faltimas semanas, ouvimos falar muito sobre a revis\u00e3o das Aprendizagens Essenciais de Portugu\u00eas, o documento curricular de refer\u00eancia para a disciplina, em particular, sobre a obra de Saramago se poder vir a tornar leitura opcional. \u00c9 uma das quest\u00f5es, mas n\u00e3o \u00e9 o problema central. Devemos analisar a componente ideol\u00f3gica desta op\u00e7\u00e3o, ali\u00e1s, o curr\u00edculo \u00e9 fruto de circunst\u00e2ncias pol\u00edticas, sociais e culturais. O vi\u00e9s ideol\u00f3gico que perpassa o curr\u00edculo n\u00e3o \u00e9 recente nem se restringe \u00e0s obras de leitura integral e muito menos \u00e0 dicotomia Jos\u00e9 Saramago vs. M\u00e1rio de Carvalho. N\u00e3o h\u00e1 almo\u00e7os gr\u00e1tis na luta pol\u00edtico-ideol\u00f3gica.&nbsp;<\/p>\n\n\n\n<p>Mais grave \u00e9 constatar que as pr\u00e1ticas de ensino se centram, cada vez mais, em medir, comparar e hierarquizar e, agora, nos \u201cdescritores de desempenho de n\u00edvel proficiente e avan\u00e7ado\u201d, quando grande parte das aprendizagens dos alunos portugueses se situa nos n\u00edveis interm\u00e9dios. As a\u00e7\u00f5es neoliberais do governo s\u00e3o, pois, muito claras. Como fazemos para que os alunos leiam mais e por prazer? Funde-se o Plano Nacional de Leitura e a Rede de Bibliotecas Escolares numa macroestrutura, descontinuam-se programas de promo\u00e7\u00e3o da leitura comunit\u00e1ria, reproduzem-se desigualdades sociais. Como resolvemos a falta de professores? Contratam-se bolseiros de doutoramento (prec\u00e1rios em situa\u00e7\u00e3o de exclusividade) para dar aulas a alunos dos ensinos b\u00e1sico e secund\u00e1rio (mas n\u00e3o estavam em exclusividade?).&nbsp;<\/p>\n\n\n\n<p>E para que os nossos alunos reflitam sobre a l\u00edngua? Apaga-se gradualmente o ensino da gram\u00e1tica, por press\u00e3o da avalia\u00e7\u00e3o externa, tornando-o cada vez mais mecanizado, improdutivo, est\u00e9ril, o que autoriza a narrativa daqueles que pregam o ensino utilit\u00e1rio \u00e0 velha moda do Deus, P\u00e1tria e Fam\u00edlia. Depois, saberes b\u00e1sicos como distinguir factos de opini\u00f5es, o verdadeiro do falso, o argumento do contra-argumento passam a ser considerados elitistas. Deixam de ser surpreendentes os discursos de \u00f3dio que grassam na Assembleia da Rep\u00fablica.<\/p>\n\n\n\n<p>A escola de hoje n\u00e3o serve mais para reproduzir conhecimentos, mas para ensinar a pensar, a ler, a confrontar. \u00c9 o tal pensamento cr\u00edtico que o Ministro da Educa\u00e7\u00e3o, Ci\u00eancia e Inova\u00e7\u00e3o (MECI) invoca quando n\u00e3o est\u00e1 ocupado a pensar na literacia financeira, a nova palavra-chave do l\u00e9xico neoliberal. N\u00e3o se preocupem: no 4.\u00ba ano, a crian\u00e7ada adquirir\u00e1 conhecimentos de poupan\u00e7a. Coloque-se desde cedo o fardo sobre os cidad\u00e3os, ao inv\u00e9s de regular a finan\u00e7a, e vai ficar tudo bem. E, para justificar o embaratecimento das carreiras docentes, diz o MECI: o n\u00famero de funcion\u00e1rios da Escola P\u00fablica \u00e9 cinco vezes o do Pingo Doce. Hoje, n\u00e3o h\u00e1 muitas diferen\u00e7as entre a escola e a mercearia, andamos a discutir trocos.<\/p>\n\n\n\n<p>Devemos discutir as prioridades do curr\u00edculo, cuja constru\u00e7\u00e3o envolve todos os professores. Falta refletir sobre as condi\u00e7\u00f5es de carreira e sobre o facto de a escola como prepara\u00e7\u00e3o para exames ser um desastre pedag\u00f3gico. O MECI adotou um caminho para resolver todos os problemas: habilita\u00e7\u00f5es abaixadas, mais computadores e tutores de IA para todos. <a href=\"https:\/\/ladroesdebicicletas.blogspot.com\/2025\/07\/deseducar.html\">N\u00e3o fiquemos ref\u00e9ns do MECI e do seu&nbsp;\u201cthink tank\u201dque os milion\u00e1rios gostam de financiar com muitos milhares de euros. Afinal, n\u00e3o h\u00e1 almo\u00e7os gr\u00e1tis nesta luta que se prev\u00ea longa.&nbsp;<\/a><\/p>\n","protected":false},"excerpt":{"rendered":"<p>Nas \u00faltimas semanas, ouvimos falar muito sobre a revis\u00e3o das Aprendizagens Essenciais de Portugu\u00eas, o documento curricular de refer\u00eancia para a disciplina, em particular, sobre a obra de Saramago se poder vir a tornar leitura opcional. \u00c9 uma das quest\u00f5es, mas n\u00e3o \u00e9 o problema central. Devemos analisar a componente ideol\u00f3gica desta op\u00e7\u00e3o, ali\u00e1s, o [&hellip;]<\/p>\n","protected":false},"author":23,"featured_media":559,"comment_status":"open","ping_status":"open","sticky":false,"template":"","format":"standard","meta":{"_acf_changed":false,"footnotes":""},"categories":[1],"tags":[83,85],"class_list":["post-558","post","type-post","status-publish","format-standard","has-post-thumbnail","hentry","category-uncategorized","tag-educacao","tag-neoliberalismo"],"acf":[],"yoast_head":"<!-- This site is optimized with the Yoast SEO plugin v27.4 - https:\/\/yoast.com\/product\/yoast-seo-wordpress\/ -->\n<title>Estado da Educa\u00e7\u00e3o - AContradi\u00e7\u00e3o<\/title>\n<meta name=\"description\" content=\"O vi\u00e9s ideol\u00f3gico que perpassa o curr\u00edculo n\u00e3o \u00e9 recente nem se restringe \u00e0s obras de leitura integral e muito menos \u00e0 dicotomia Jos\u00e9 Saramago\/M\u00e1rio de Carvalho. N\u00e3o h\u00e1 almo\u00e7os gr\u00e1tis na luta pol\u00edtico-ideol\u00f3gica.\u00a0\" \/>\n<meta name=\"robots\" content=\"index, follow, max-snippet:-1, max-image-preview:large, max-video-preview:-1\" \/>\n<link rel=\"canonical\" href=\"https:\/\/acontradicao.pt\/?p=558\" \/>\n<meta property=\"og:locale\" content=\"pt_PT\" \/>\n<meta property=\"og:type\" content=\"article\" \/>\n<meta property=\"og:title\" content=\"Estado da Educa\u00e7\u00e3o - AContradi\u00e7\u00e3o\" \/>\n<meta property=\"og:description\" content=\"O vi\u00e9s ideol\u00f3gico que perpassa o curr\u00edculo n\u00e3o \u00e9 recente nem se restringe \u00e0s obras de leitura integral e muito menos \u00e0 dicotomia Jos\u00e9 Saramago\/M\u00e1rio de Carvalho. N\u00e3o h\u00e1 almo\u00e7os gr\u00e1tis na luta pol\u00edtico-ideol\u00f3gica.\u00a0\" \/>\n<meta property=\"og:url\" content=\"https:\/\/acontradicao.pt\/?p=558\" \/>\n<meta property=\"og:site_name\" content=\"AContradi\u00e7\u00e3o\" \/>\n<meta property=\"article:published_time\" content=\"2026-04-27T14:02:29+00:00\" \/>\n<meta property=\"article:modified_time\" content=\"2026-04-27T14:02:31+00:00\" \/>\n<meta property=\"og:image\" content=\"https:\/\/acontradicao.pt\/wp-content\/uploads\/2026\/04\/Canon-EOS-90D-669.jpg\" \/>\n\t<meta property=\"og:image:width\" content=\"1440\" \/>\n\t<meta property=\"og:image:height\" content=\"960\" \/>\n\t<meta property=\"og:image:type\" content=\"image\/jpeg\" \/>\n<meta name=\"author\" content=\"Miguel Correia\" \/>\n<meta name=\"twitter:card\" content=\"summary_large_image\" \/>\n<meta name=\"twitter:label1\" content=\"Escrito por\" \/>\n\t<meta name=\"twitter:data1\" content=\"Miguel Correia\" \/>\n\t<meta name=\"twitter:label2\" content=\"Tempo estimado de leitura\" \/>\n\t<meta name=\"twitter:data2\" content=\"3 minutos\" \/>\n<script type=\"application\/ld+json\" class=\"yoast-schema-graph\">{\"@context\":\"https:\\\/\\\/schema.org\",\"@graph\":[{\"@type\":\"Article\",\"@id\":\"https:\\\/\\\/acontradicao.pt\\\/?p=558#article\",\"isPartOf\":{\"@id\":\"https:\\\/\\\/acontradicao.pt\\\/?p=558\"},\"author\":{\"name\":\"Miguel Correia\",\"@id\":\"https:\\\/\\\/acontradicao.pt\\\/#\\\/schema\\\/person\\\/7a96bff6a30c075f85e23835270e2bb8\"},\"headline\":\"Estado da Educa\u00e7\u00e3o\",\"datePublished\":\"2026-04-27T14:02:29+00:00\",\"dateModified\":\"2026-04-27T14:02:31+00:00\",\"mainEntityOfPage\":{\"@id\":\"https:\\\/\\\/acontradicao.pt\\\/?p=558\"},\"wordCount\":579,\"commentCount\":0,\"publisher\":{\"@id\":\"https:\\\/\\\/acontradicao.pt\\\/#organization\"},\"image\":{\"@id\":\"https:\\\/\\\/acontradicao.pt\\\/?p=558#primaryimage\"},\"thumbnailUrl\":\"https:\\\/\\\/acontradicao.pt\\\/wp-content\\\/uploads\\\/2026\\\/04\\\/Canon-EOS-90D-669.jpg\",\"keywords\":[\"educacao\",\"neoliberalismo\"],\"articleSection\":[\"Uncategorized\"],\"inLanguage\":\"pt-PT\",\"potentialAction\":[{\"@type\":\"CommentAction\",\"name\":\"Comment\",\"target\":[\"https:\\\/\\\/acontradicao.pt\\\/?p=558#respond\"]}]},{\"@type\":\"WebPage\",\"@id\":\"https:\\\/\\\/acontradicao.pt\\\/?p=558\",\"url\":\"https:\\\/\\\/acontradicao.pt\\\/?p=558\",\"name\":\"Estado da Educa\u00e7\u00e3o - AContradi\u00e7\u00e3o\",\"isPartOf\":{\"@id\":\"https:\\\/\\\/acontradicao.pt\\\/#website\"},\"primaryImageOfPage\":{\"@id\":\"https:\\\/\\\/acontradicao.pt\\\/?p=558#primaryimage\"},\"image\":{\"@id\":\"https:\\\/\\\/acontradicao.pt\\\/?p=558#primaryimage\"},\"thumbnailUrl\":\"https:\\\/\\\/acontradicao.pt\\\/wp-content\\\/uploads\\\/2026\\\/04\\\/Canon-EOS-90D-669.jpg\",\"datePublished\":\"2026-04-27T14:02:29+00:00\",\"dateModified\":\"2026-04-27T14:02:31+00:00\",\"description\":\"O vi\u00e9s ideol\u00f3gico que perpassa o curr\u00edculo n\u00e3o \u00e9 recente nem se restringe \u00e0s obras de leitura integral e muito menos \u00e0 dicotomia Jos\u00e9 Saramago\\\/M\u00e1rio de Carvalho. N\u00e3o h\u00e1 almo\u00e7os gr\u00e1tis na luta pol\u00edtico-ideol\u00f3gica.\u00a0\",\"breadcrumb\":{\"@id\":\"https:\\\/\\\/acontradicao.pt\\\/?p=558#breadcrumb\"},\"inLanguage\":\"pt-PT\",\"potentialAction\":[{\"@type\":\"ReadAction\",\"target\":[\"https:\\\/\\\/acontradicao.pt\\\/?p=558\"]}]},{\"@type\":\"ImageObject\",\"inLanguage\":\"pt-PT\",\"@id\":\"https:\\\/\\\/acontradicao.pt\\\/?p=558#primaryimage\",\"url\":\"https:\\\/\\\/acontradicao.pt\\\/wp-content\\\/uploads\\\/2026\\\/04\\\/Canon-EOS-90D-669.jpg\",\"contentUrl\":\"https:\\\/\\\/acontradicao.pt\\\/wp-content\\\/uploads\\\/2026\\\/04\\\/Canon-EOS-90D-669.jpg\",\"width\":1440,\"height\":960,\"caption\":\"\u00a9 Pedro Pereira\"},{\"@type\":\"BreadcrumbList\",\"@id\":\"https:\\\/\\\/acontradicao.pt\\\/?p=558#breadcrumb\",\"itemListElement\":[{\"@type\":\"ListItem\",\"position\":1,\"name\":\"Home\",\"item\":\"https:\\\/\\\/acontradicao.pt\\\/\"},{\"@type\":\"ListItem\",\"position\":2,\"name\":\"Estado da Educa\u00e7\u00e3o\"}]},{\"@type\":\"WebSite\",\"@id\":\"https:\\\/\\\/acontradicao.pt\\\/#website\",\"url\":\"https:\\\/\\\/acontradicao.pt\\\/\",\"name\":\"AContradi\u00e7\u00e3o\",\"description\":\"\",\"publisher\":{\"@id\":\"https:\\\/\\\/acontradicao.pt\\\/#organization\"},\"potentialAction\":[{\"@type\":\"SearchAction\",\"target\":{\"@type\":\"EntryPoint\",\"urlTemplate\":\"https:\\\/\\\/acontradicao.pt\\\/?s={search_term_string}\"},\"query-input\":{\"@type\":\"PropertyValueSpecification\",\"valueRequired\":true,\"valueName\":\"search_term_string\"}}],\"inLanguage\":\"pt-PT\"},{\"@type\":\"Organization\",\"@id\":\"https:\\\/\\\/acontradicao.pt\\\/#organization\",\"name\":\"AContradi\u00e7\u00e3o\",\"url\":\"https:\\\/\\\/acontradicao.pt\\\/\",\"logo\":{\"@type\":\"ImageObject\",\"inLanguage\":\"pt-PT\",\"@id\":\"https:\\\/\\\/acontradicao.pt\\\/#\\\/schema\\\/logo\\\/image\\\/\",\"url\":\"https:\\\/\\\/acontradicao.pt\\\/wp-content\\\/uploads\\\/2025\\\/02\\\/LogoAContradicaobranco.png\",\"contentUrl\":\"https:\\\/\\\/acontradicao.pt\\\/wp-content\\\/uploads\\\/2025\\\/02\\\/LogoAContradicaobranco.png\",\"width\":4250,\"height\":975,\"caption\":\"AContradi\u00e7\u00e3o\"},\"image\":{\"@id\":\"https:\\\/\\\/acontradicao.pt\\\/#\\\/schema\\\/logo\\\/image\\\/\"}},{\"@type\":\"Person\",\"@id\":\"https:\\\/\\\/acontradicao.pt\\\/#\\\/schema\\\/person\\\/7a96bff6a30c075f85e23835270e2bb8\",\"name\":\"Miguel Correia\",\"image\":{\"@type\":\"ImageObject\",\"inLanguage\":\"pt-PT\",\"@id\":\"https:\\\/\\\/secure.gravatar.com\\\/avatar\\\/ef31aa6d2c4e9138a69e259a4b0cbc1438f45be65c9c950c43032368847db1d8?s=96&d=mm&r=g\",\"url\":\"https:\\\/\\\/secure.gravatar.com\\\/avatar\\\/ef31aa6d2c4e9138a69e259a4b0cbc1438f45be65c9c950c43032368847db1d8?s=96&d=mm&r=g\",\"contentUrl\":\"https:\\\/\\\/secure.gravatar.com\\\/avatar\\\/ef31aa6d2c4e9138a69e259a4b0cbc1438f45be65c9c950c43032368847db1d8?s=96&d=mm&r=g\",\"caption\":\"Miguel Correia\"},\"description\":\"Miguel Correia. Professor e linguista na Universidade do Porto, de Santo Tirso para o mundo na luta pela constru\u00e7\u00e3o de um socialismo do futuro.\",\"url\":\"https:\\\/\\\/acontradicao.pt\\\/?author=23\"}]}<\/script>\n<!-- \/ Yoast SEO plugin. -->","yoast_head_json":{"title":"Estado da Educa\u00e7\u00e3o - AContradi\u00e7\u00e3o","description":"O vi\u00e9s ideol\u00f3gico que perpassa o curr\u00edculo n\u00e3o \u00e9 recente nem se restringe \u00e0s obras de leitura integral e muito menos \u00e0 dicotomia Jos\u00e9 Saramago\/M\u00e1rio de Carvalho. N\u00e3o h\u00e1 almo\u00e7os gr\u00e1tis na luta pol\u00edtico-ideol\u00f3gica.\u00a0","robots":{"index":"index","follow":"follow","max-snippet":"max-snippet:-1","max-image-preview":"max-image-preview:large","max-video-preview":"max-video-preview:-1"},"canonical":"https:\/\/acontradicao.pt\/?p=558","og_locale":"pt_PT","og_type":"article","og_title":"Estado da Educa\u00e7\u00e3o - AContradi\u00e7\u00e3o","og_description":"O vi\u00e9s ideol\u00f3gico que perpassa o curr\u00edculo n\u00e3o \u00e9 recente nem se restringe \u00e0s obras de leitura integral e muito menos \u00e0 dicotomia Jos\u00e9 Saramago\/M\u00e1rio de Carvalho. N\u00e3o h\u00e1 almo\u00e7os gr\u00e1tis na luta pol\u00edtico-ideol\u00f3gica.\u00a0","og_url":"https:\/\/acontradicao.pt\/?p=558","og_site_name":"AContradi\u00e7\u00e3o","article_published_time":"2026-04-27T14:02:29+00:00","article_modified_time":"2026-04-27T14:02:31+00:00","og_image":[{"width":1440,"height":960,"url":"https:\/\/acontradicao.pt\/wp-content\/uploads\/2026\/04\/Canon-EOS-90D-669.jpg","type":"image\/jpeg"}],"author":"Miguel Correia","twitter_card":"summary_large_image","twitter_misc":{"Escrito por":"Miguel Correia","Tempo estimado de leitura":"3 minutos"},"schema":{"@context":"https:\/\/schema.org","@graph":[{"@type":"Article","@id":"https:\/\/acontradicao.pt\/?p=558#article","isPartOf":{"@id":"https:\/\/acontradicao.pt\/?p=558"},"author":{"name":"Miguel Correia","@id":"https:\/\/acontradicao.pt\/#\/schema\/person\/7a96bff6a30c075f85e23835270e2bb8"},"headline":"Estado da Educa\u00e7\u00e3o","datePublished":"2026-04-27T14:02:29+00:00","dateModified":"2026-04-27T14:02:31+00:00","mainEntityOfPage":{"@id":"https:\/\/acontradicao.pt\/?p=558"},"wordCount":579,"commentCount":0,"publisher":{"@id":"https:\/\/acontradicao.pt\/#organization"},"image":{"@id":"https:\/\/acontradicao.pt\/?p=558#primaryimage"},"thumbnailUrl":"https:\/\/acontradicao.pt\/wp-content\/uploads\/2026\/04\/Canon-EOS-90D-669.jpg","keywords":["educacao","neoliberalismo"],"articleSection":["Uncategorized"],"inLanguage":"pt-PT","potentialAction":[{"@type":"CommentAction","name":"Comment","target":["https:\/\/acontradicao.pt\/?p=558#respond"]}]},{"@type":"WebPage","@id":"https:\/\/acontradicao.pt\/?p=558","url":"https:\/\/acontradicao.pt\/?p=558","name":"Estado da Educa\u00e7\u00e3o - AContradi\u00e7\u00e3o","isPartOf":{"@id":"https:\/\/acontradicao.pt\/#website"},"primaryImageOfPage":{"@id":"https:\/\/acontradicao.pt\/?p=558#primaryimage"},"image":{"@id":"https:\/\/acontradicao.pt\/?p=558#primaryimage"},"thumbnailUrl":"https:\/\/acontradicao.pt\/wp-content\/uploads\/2026\/04\/Canon-EOS-90D-669.jpg","datePublished":"2026-04-27T14:02:29+00:00","dateModified":"2026-04-27T14:02:31+00:00","description":"O vi\u00e9s ideol\u00f3gico que perpassa o curr\u00edculo n\u00e3o \u00e9 recente nem se restringe \u00e0s obras de leitura integral e muito menos \u00e0 dicotomia Jos\u00e9 Saramago\/M\u00e1rio de Carvalho. N\u00e3o h\u00e1 almo\u00e7os gr\u00e1tis na luta pol\u00edtico-ideol\u00f3gica.\u00a0","breadcrumb":{"@id":"https:\/\/acontradicao.pt\/?p=558#breadcrumb"},"inLanguage":"pt-PT","potentialAction":[{"@type":"ReadAction","target":["https:\/\/acontradicao.pt\/?p=558"]}]},{"@type":"ImageObject","inLanguage":"pt-PT","@id":"https:\/\/acontradicao.pt\/?p=558#primaryimage","url":"https:\/\/acontradicao.pt\/wp-content\/uploads\/2026\/04\/Canon-EOS-90D-669.jpg","contentUrl":"https:\/\/acontradicao.pt\/wp-content\/uploads\/2026\/04\/Canon-EOS-90D-669.jpg","width":1440,"height":960,"caption":"\u00a9 Pedro Pereira"},{"@type":"BreadcrumbList","@id":"https:\/\/acontradicao.pt\/?p=558#breadcrumb","itemListElement":[{"@type":"ListItem","position":1,"name":"Home","item":"https:\/\/acontradicao.pt\/"},{"@type":"ListItem","position":2,"name":"Estado da Educa\u00e7\u00e3o"}]},{"@type":"WebSite","@id":"https:\/\/acontradicao.pt\/#website","url":"https:\/\/acontradicao.pt\/","name":"AContradi\u00e7\u00e3o","description":"","publisher":{"@id":"https:\/\/acontradicao.pt\/#organization"},"potentialAction":[{"@type":"SearchAction","target":{"@type":"EntryPoint","urlTemplate":"https:\/\/acontradicao.pt\/?s={search_term_string}"},"query-input":{"@type":"PropertyValueSpecification","valueRequired":true,"valueName":"search_term_string"}}],"inLanguage":"pt-PT"},{"@type":"Organization","@id":"https:\/\/acontradicao.pt\/#organization","name":"AContradi\u00e7\u00e3o","url":"https:\/\/acontradicao.pt\/","logo":{"@type":"ImageObject","inLanguage":"pt-PT","@id":"https:\/\/acontradicao.pt\/#\/schema\/logo\/image\/","url":"https:\/\/acontradicao.pt\/wp-content\/uploads\/2025\/02\/LogoAContradicaobranco.png","contentUrl":"https:\/\/acontradicao.pt\/wp-content\/uploads\/2025\/02\/LogoAContradicaobranco.png","width":4250,"height":975,"caption":"AContradi\u00e7\u00e3o"},"image":{"@id":"https:\/\/acontradicao.pt\/#\/schema\/logo\/image\/"}},{"@type":"Person","@id":"https:\/\/acontradicao.pt\/#\/schema\/person\/7a96bff6a30c075f85e23835270e2bb8","name":"Miguel Correia","image":{"@type":"ImageObject","inLanguage":"pt-PT","@id":"https:\/\/secure.gravatar.com\/avatar\/ef31aa6d2c4e9138a69e259a4b0cbc1438f45be65c9c950c43032368847db1d8?s=96&d=mm&r=g","url":"https:\/\/secure.gravatar.com\/avatar\/ef31aa6d2c4e9138a69e259a4b0cbc1438f45be65c9c950c43032368847db1d8?s=96&d=mm&r=g","contentUrl":"https:\/\/secure.gravatar.com\/avatar\/ef31aa6d2c4e9138a69e259a4b0cbc1438f45be65c9c950c43032368847db1d8?s=96&d=mm&r=g","caption":"Miguel Correia"},"description":"Miguel Correia. Professor e linguista na Universidade do Porto, de Santo Tirso para o mundo na luta pela constru\u00e7\u00e3o de um socialismo do futuro.","url":"https:\/\/acontradicao.pt\/?author=23"}]}},"jetpack_featured_media_url":"https:\/\/acontradicao.pt\/wp-content\/uploads\/2026\/04\/Canon-EOS-90D-669.jpg","_links":{"self":[{"href":"https:\/\/acontradicao.pt\/index.php?rest_route=\/wp\/v2\/posts\/558","targetHints":{"allow":["GET"]}}],"collection":[{"href":"https:\/\/acontradicao.pt\/index.php?rest_route=\/wp\/v2\/posts"}],"about":[{"href":"https:\/\/acontradicao.pt\/index.php?rest_route=\/wp\/v2\/types\/post"}],"author":[{"embeddable":true,"href":"https:\/\/acontradicao.pt\/index.php?rest_route=\/wp\/v2\/users\/23"}],"replies":[{"embeddable":true,"href":"https:\/\/acontradicao.pt\/index.php?rest_route=%2Fwp%2Fv2%2Fcomments&post=558"}],"version-history":[{"count":1,"href":"https:\/\/acontradicao.pt\/index.php?rest_route=\/wp\/v2\/posts\/558\/revisions"}],"predecessor-version":[{"id":560,"href":"https:\/\/acontradicao.pt\/index.php?rest_route=\/wp\/v2\/posts\/558\/revisions\/560"}],"wp:featuredmedia":[{"embeddable":true,"href":"https:\/\/acontradicao.pt\/index.php?rest_route=\/wp\/v2\/media\/559"}],"wp:attachment":[{"href":"https:\/\/acontradicao.pt\/index.php?rest_route=%2Fwp%2Fv2%2Fmedia&parent=558"}],"wp:term":[{"taxonomy":"category","embeddable":true,"href":"https:\/\/acontradicao.pt\/index.php?rest_route=%2Fwp%2Fv2%2Fcategories&post=558"},{"taxonomy":"post_tag","embeddable":true,"href":"https:\/\/acontradicao.pt\/index.php?rest_route=%2Fwp%2Fv2%2Ftags&post=558"}],"curies":[{"name":"wp","href":"https:\/\/api.w.org\/{rel}","templated":true}]}}