{"id":428,"date":"2025-06-14T11:13:19","date_gmt":"2025-06-14T11:13:19","guid":{"rendered":"https:\/\/acontradicao.pt\/?p=428"},"modified":"2025-06-14T11:14:43","modified_gmt":"2025-06-14T11:14:43","slug":"revisionismo-impossivel","status":"publish","type":"post","link":"https:\/\/acontradicao.pt\/?p=428","title":{"rendered":"Revisionismo imposs\u00edvel"},"content":{"rendered":"\n<details class=\"wp-block-details has-small-font-size is-layout-flow wp-block-details-is-layout-flow\"><summary>Cr\u00e9ditos<\/summary>\n<p>\u00a9 Nuno Ferreira Santos<\/p>\n<\/details>\n\n\n\n<p><strong>1-<\/strong> Os resultados das elei\u00e7\u00f5es legislativas de 18 de maio desfizeram a tradicional maioria de 2\/3 entre PSD e PS. Essa maioria qualificada constitu\u00eda o fator de revis\u00e3o constitucional. Desse acordo provieram as sete revis\u00f5es da Lei Fundamental, desde a sua aprova\u00e7\u00e3o em 76. Os 2\/3 necess\u00e1rios para alterar a Constitui\u00e7\u00e3o podem agora ser alcan\u00e7ados \u00e0 direita, com Chega, IL e PSD.<\/p>\n\n\n\n<p><strong>2-<\/strong> Surgiu tamb\u00e9m outra leitura: a leitura de que o PSD poderia fazer uma maioria de 2\/3 \u00e0 sua esquerda, se se impuser uma revis\u00e3o constitucional.<\/p>\n\n\n\n<p>Isso implicaria um acordo entre PSD, CDS, PS, Livre e o PCP, ou, sem o PCP, com Bloco de Esquerda e PAN. At\u00e9 aqui \u00e9 uma an\u00e1lise de vari\u00e1veis, embora haja inten\u00e7\u00f5es pol\u00edticas claras por detr\u00e1s de cada leitura.<\/p>\n\n\n\n<p><strong>3-<\/strong> Em 22, abriu-se um processo de revis\u00e3o constitucional que n\u00e3o foi conclu\u00eddo nessa legislatura. O PS tinha, ent\u00e3o, maioria absoluta. Por causa disso, o PSD trouxe um projeto de revis\u00e3o muito \u201cleve\u201d, comparativamente aos projetos dos partidos de extrema-direita, com vers\u00f5es muito radicalizadas de mudan\u00e7a de regime e de ajuste de contas com o 25 de Abril.<\/p>\n\n\n\n<p><strong>4-<\/strong> Com duas vit\u00f3rias eleitorais seguidas e a conduzir o governo, ningu\u00e9m espera que um projeto de revis\u00e3o do PSD seja t\u00e3o leve e n\u00e3o queira competir em algumas normas com a extrema-direita. Esclarecido este ponto, conv\u00e9m assinalar que o projeto \u201cleve\u201d do PSD inclu\u00eda as seguintes propostas:<\/p>\n\n\n\n<p>O servi\u00e7o p\u00fablico de sa\u00fade \u00e9 substitu\u00eddo pela \u201ccomplementaridade\u201d entre p\u00fablico, privado e social; redu\u00e7\u00e3o do n\u00famero de deputados em 15 lugares; perda do mandato de deputado se perfilharem outras \u201cideologias totalit\u00e1rias\u201d para al\u00e9m da ideologia fascista; interven\u00e7\u00e3o das For\u00e7as Armadas em territ\u00f3rio nacional a pretexto do terrorismo; pressionar o parlamento na decis\u00e3o sobre o Or\u00e7amento, a partir da cria\u00e7\u00e3o de uma entidade independente que passa a pronunciar-se no processo legislativo, misturando interesses econ\u00f3micos e regionais; mandato do Presidente da Rep\u00fablica de 7 anos n\u00e3o renov\u00e1vel, em vez dos atuais 4, numa clara inten\u00e7\u00e3o de refor\u00e7ar o presidencialismo; tirar as cooperativas e a autogest\u00e3o da CRP; incentivo aos privados no imobili\u00e1rio; etc.<\/p>\n\n\n\n<p><strong>5-<\/strong> N\u00e3o vale a pena elencar todas as propostas que parecem, a qualquer pessoa de esquerda, perigosas para a democracia pol\u00edtica e social que conhecemos. Se eventualmente houvesse uma tentativa de acordo entre direita, centro e esquerda, seria dif\u00edcil conceber que o PSD abandonasse a privatiza\u00e7\u00e3o do SNS e de outros aspetos de liberaliza\u00e7\u00e3o econ\u00f3mica no neg\u00f3cio dos servi\u00e7os p\u00fablicos entregues a privados. E alguma carga pol\u00edtica estrutural trar\u00e1 e n\u00e3o \u00e9 democratizante.<\/p>\n\n\n\n<p><strong>6-<\/strong> \u00c9 certo que o PSD n\u00e3o quer revis\u00e3o da Constitui\u00e7\u00e3o para j\u00e1. Quer governar com o apoio do PS, que est\u00e1 desconfort\u00e1vel com uma revis\u00e3o em que o PS \u00e9 marginal. Mas o risco \u00e9 real. O pr\u00f3prio Lu\u00eds Montenegro disse que a revis\u00e3o n\u00e3o era uma prioridade, mas seria \u201cl\u00e1 para diante\u201d. Conv\u00e9m, ent\u00e3o, clarificar: h\u00e1 que combater uma ruptura constitucional e a altera\u00e7\u00e3o de regime, e toda a onda reacion\u00e1ria que lhe est\u00e1 associada. Contudo, ser\u00e1 um erro hist\u00f3rico ser pela m\u00e3o da esquerda que se abre m\u00e3o de algumas das principais conquistas de Abril, a pretexto de impedir o PSD de se juntar ao Chega e IL.<\/p>\n\n\n\n<p><strong>7-<\/strong> Esta ideia do Rui Tavares, pese embora o combate dram\u00e1tico \u00e0 extrema-direita, n\u00e3o \u00e9 uma boa ideia.<\/p>\n","protected":false},"excerpt":{"rendered":"<p>1- Os resultados das elei\u00e7\u00f5es legislativas de 18 de maio desfizeram a tradicional maioria de 2\/3 entre PSD e PS. Essa maioria qualificada constitu\u00eda o fator de revis\u00e3o constitucional. Desse acordo provieram as sete revis\u00f5es da Lei Fundamental, desde a sua aprova\u00e7\u00e3o em 76. Os 2\/3 necess\u00e1rios para alterar a Constitui\u00e7\u00e3o podem agora ser alcan\u00e7ados [&hellip;]<\/p>\n","protected":false},"author":15,"featured_media":431,"comment_status":"open","ping_status":"open","sticky":false,"template":"","format":"standard","meta":{"_acf_changed":false,"footnotes":""},"categories":[1],"tags":[],"class_list":["post-428","post","type-post","status-publish","format-standard","has-post-thumbnail","hentry","category-uncategorized"],"acf":[],"yoast_head":"<!-- This site is optimized with the Yoast SEO plugin v27.5 - https:\/\/yoast.com\/product\/yoast-seo-wordpress\/ -->\n<title>Revisionismo imposs\u00edvel - AContradi\u00e7\u00e3o<\/title>\n<meta name=\"robots\" content=\"index, follow, max-snippet:-1, max-image-preview:large, max-video-preview:-1\" \/>\n<link rel=\"canonical\" href=\"https:\/\/acontradicao.pt\/?p=428\" \/>\n<meta property=\"og:locale\" content=\"pt_PT\" \/>\n<meta property=\"og:type\" content=\"article\" \/>\n<meta property=\"og:title\" content=\"Revisionismo imposs\u00edvel - AContradi\u00e7\u00e3o\" \/>\n<meta property=\"og:description\" content=\"1- Os resultados das elei\u00e7\u00f5es legislativas de 18 de maio desfizeram a tradicional maioria de 2\/3 entre PSD e PS. Essa maioria qualificada constitu\u00eda o fator de revis\u00e3o constitucional. Desse acordo provieram as sete revis\u00f5es da Lei Fundamental, desde a sua aprova\u00e7\u00e3o em 76. Os 2\/3 necess\u00e1rios para alterar a Constitui\u00e7\u00e3o podem agora ser alcan\u00e7ados [&hellip;]\" \/>\n<meta property=\"og:url\" content=\"https:\/\/acontradicao.pt\/?p=428\" \/>\n<meta property=\"og:site_name\" content=\"AContradi\u00e7\u00e3o\" \/>\n<meta property=\"article:published_time\" content=\"2025-06-14T11:13:19+00:00\" \/>\n<meta property=\"article:modified_time\" content=\"2025-06-14T11:14:43+00:00\" \/>\n<meta property=\"og:image\" content=\"https:\/\/acontradicao.pt\/wp-content\/uploads\/2025\/06\/2002344.jpeg\" \/>\n\t<meta property=\"og:image:width\" content=\"2048\" \/>\n\t<meta property=\"og:image:height\" content=\"1365\" \/>\n\t<meta property=\"og:image:type\" content=\"image\/jpeg\" \/>\n<meta name=\"author\" content=\"Lu\u00eds Fazenda\" \/>\n<meta name=\"twitter:card\" content=\"summary_large_image\" \/>\n<meta name=\"twitter:label1\" content=\"Escrito por\" \/>\n\t<meta name=\"twitter:data1\" content=\"Lu\u00eds Fazenda\" \/>\n\t<meta name=\"twitter:label2\" content=\"Tempo estimado de leitura\" \/>\n\t<meta name=\"twitter:data2\" content=\"4 minutos\" \/>\n<script type=\"application\/ld+json\" class=\"yoast-schema-graph\">{\"@context\":\"https:\\\/\\\/schema.org\",\"@graph\":[{\"@type\":\"Article\",\"@id\":\"https:\\\/\\\/acontradicao.pt\\\/?p=428#article\",\"isPartOf\":{\"@id\":\"https:\\\/\\\/acontradicao.pt\\\/?p=428\"},\"author\":{\"name\":\"Lu\u00eds Fazenda\",\"@id\":\"https:\\\/\\\/acontradicao.pt\\\/#\\\/schema\\\/person\\\/2df02fe3cc6547b8c9f0e9933c10c3b0\"},\"headline\":\"Revisionismo imposs\u00edvel\",\"datePublished\":\"2025-06-14T11:13:19+00:00\",\"dateModified\":\"2025-06-14T11:14:43+00:00\",\"mainEntityOfPage\":{\"@id\":\"https:\\\/\\\/acontradicao.pt\\\/?p=428\"},\"wordCount\":616,\"commentCount\":0,\"publisher\":{\"@id\":\"https:\\\/\\\/acontradicao.pt\\\/#organization\"},\"image\":{\"@id\":\"https:\\\/\\\/acontradicao.pt\\\/?p=428#primaryimage\"},\"thumbnailUrl\":\"https:\\\/\\\/acontradicao.pt\\\/wp-content\\\/uploads\\\/2025\\\/06\\\/2002344.jpeg\",\"articleSection\":[\"Uncategorized\"],\"inLanguage\":\"pt-PT\",\"potentialAction\":[{\"@type\":\"CommentAction\",\"name\":\"Comment\",\"target\":[\"https:\\\/\\\/acontradicao.pt\\\/?p=428#respond\"]}]},{\"@type\":\"WebPage\",\"@id\":\"https:\\\/\\\/acontradicao.pt\\\/?p=428\",\"url\":\"https:\\\/\\\/acontradicao.pt\\\/?p=428\",\"name\":\"Revisionismo imposs\u00edvel - AContradi\u00e7\u00e3o\",\"isPartOf\":{\"@id\":\"https:\\\/\\\/acontradicao.pt\\\/#website\"},\"primaryImageOfPage\":{\"@id\":\"https:\\\/\\\/acontradicao.pt\\\/?p=428#primaryimage\"},\"image\":{\"@id\":\"https:\\\/\\\/acontradicao.pt\\\/?p=428#primaryimage\"},\"thumbnailUrl\":\"https:\\\/\\\/acontradicao.pt\\\/wp-content\\\/uploads\\\/2025\\\/06\\\/2002344.jpeg\",\"datePublished\":\"2025-06-14T11:13:19+00:00\",\"dateModified\":\"2025-06-14T11:14:43+00:00\",\"breadcrumb\":{\"@id\":\"https:\\\/\\\/acontradicao.pt\\\/?p=428#breadcrumb\"},\"inLanguage\":\"pt-PT\",\"potentialAction\":[{\"@type\":\"ReadAction\",\"target\":[\"https:\\\/\\\/acontradicao.pt\\\/?p=428\"]}]},{\"@type\":\"ImageObject\",\"inLanguage\":\"pt-PT\",\"@id\":\"https:\\\/\\\/acontradicao.pt\\\/?p=428#primaryimage\",\"url\":\"https:\\\/\\\/acontradicao.pt\\\/wp-content\\\/uploads\\\/2025\\\/06\\\/2002344.jpeg\",\"contentUrl\":\"https:\\\/\\\/acontradicao.pt\\\/wp-content\\\/uploads\\\/2025\\\/06\\\/2002344.jpeg\",\"width\":2048,\"height\":1365,\"caption\":\"\u00a9 Nuno Ferreira Santos\"},{\"@type\":\"BreadcrumbList\",\"@id\":\"https:\\\/\\\/acontradicao.pt\\\/?p=428#breadcrumb\",\"itemListElement\":[{\"@type\":\"ListItem\",\"position\":1,\"name\":\"Home\",\"item\":\"https:\\\/\\\/acontradicao.pt\\\/\"},{\"@type\":\"ListItem\",\"position\":2,\"name\":\"Revisionismo imposs\u00edvel\"}]},{\"@type\":\"WebSite\",\"@id\":\"https:\\\/\\\/acontradicao.pt\\\/#website\",\"url\":\"https:\\\/\\\/acontradicao.pt\\\/\",\"name\":\"AContradi\u00e7\u00e3o\",\"description\":\"\",\"publisher\":{\"@id\":\"https:\\\/\\\/acontradicao.pt\\\/#organization\"},\"potentialAction\":[{\"@type\":\"SearchAction\",\"target\":{\"@type\":\"EntryPoint\",\"urlTemplate\":\"https:\\\/\\\/acontradicao.pt\\\/?s={search_term_string}\"},\"query-input\":{\"@type\":\"PropertyValueSpecification\",\"valueRequired\":true,\"valueName\":\"search_term_string\"}}],\"inLanguage\":\"pt-PT\"},{\"@type\":\"Organization\",\"@id\":\"https:\\\/\\\/acontradicao.pt\\\/#organization\",\"name\":\"AContradi\u00e7\u00e3o\",\"url\":\"https:\\\/\\\/acontradicao.pt\\\/\",\"logo\":{\"@type\":\"ImageObject\",\"inLanguage\":\"pt-PT\",\"@id\":\"https:\\\/\\\/acontradicao.pt\\\/#\\\/schema\\\/logo\\\/image\\\/\",\"url\":\"https:\\\/\\\/acontradicao.pt\\\/wp-content\\\/uploads\\\/2025\\\/02\\\/LogoAContradicaobranco.png\",\"contentUrl\":\"https:\\\/\\\/acontradicao.pt\\\/wp-content\\\/uploads\\\/2025\\\/02\\\/LogoAContradicaobranco.png\",\"width\":4250,\"height\":975,\"caption\":\"AContradi\u00e7\u00e3o\"},\"image\":{\"@id\":\"https:\\\/\\\/acontradicao.pt\\\/#\\\/schema\\\/logo\\\/image\\\/\"}},{\"@type\":\"Person\",\"@id\":\"https:\\\/\\\/acontradicao.pt\\\/#\\\/schema\\\/person\\\/2df02fe3cc6547b8c9f0e9933c10c3b0\",\"name\":\"Lu\u00eds Fazenda\",\"image\":{\"@type\":\"ImageObject\",\"inLanguage\":\"pt-PT\",\"@id\":\"https:\\\/\\\/secure.gravatar.com\\\/avatar\\\/8a8bcafe49e3ebfe668915023549508d038b3c9a8548f27e41ac1b52dba0f44a?s=96&d=mm&r=g\",\"url\":\"https:\\\/\\\/secure.gravatar.com\\\/avatar\\\/8a8bcafe49e3ebfe668915023549508d038b3c9a8548f27e41ac1b52dba0f44a?s=96&d=mm&r=g\",\"contentUrl\":\"https:\\\/\\\/secure.gravatar.com\\\/avatar\\\/8a8bcafe49e3ebfe668915023549508d038b3c9a8548f27e41ac1b52dba0f44a?s=96&d=mm&r=g\",\"caption\":\"Lu\u00eds Fazenda\"},\"description\":\"Lu\u00eds Fazenda andou pelo sindicalismo, passou por assembleias municipais e pelo parlamento em busca da justi\u00e7a que falta. N\u00e3o tem jeito para fazer piadas.\",\"url\":\"https:\\\/\\\/acontradicao.pt\\\/?author=15\"}]}<\/script>\n<!-- \/ Yoast SEO plugin. -->","yoast_head_json":{"title":"Revisionismo imposs\u00edvel - AContradi\u00e7\u00e3o","robots":{"index":"index","follow":"follow","max-snippet":"max-snippet:-1","max-image-preview":"max-image-preview:large","max-video-preview":"max-video-preview:-1"},"canonical":"https:\/\/acontradicao.pt\/?p=428","og_locale":"pt_PT","og_type":"article","og_title":"Revisionismo imposs\u00edvel - AContradi\u00e7\u00e3o","og_description":"1- Os resultados das elei\u00e7\u00f5es legislativas de 18 de maio desfizeram a tradicional maioria de 2\/3 entre PSD e PS. Essa maioria qualificada constitu\u00eda o fator de revis\u00e3o constitucional. Desse acordo provieram as sete revis\u00f5es da Lei Fundamental, desde a sua aprova\u00e7\u00e3o em 76. Os 2\/3 necess\u00e1rios para alterar a Constitui\u00e7\u00e3o podem agora ser alcan\u00e7ados [&hellip;]","og_url":"https:\/\/acontradicao.pt\/?p=428","og_site_name":"AContradi\u00e7\u00e3o","article_published_time":"2025-06-14T11:13:19+00:00","article_modified_time":"2025-06-14T11:14:43+00:00","og_image":[{"width":2048,"height":1365,"url":"https:\/\/acontradicao.pt\/wp-content\/uploads\/2025\/06\/2002344.jpeg","type":"image\/jpeg"}],"author":"Lu\u00eds Fazenda","twitter_card":"summary_large_image","twitter_misc":{"Escrito por":"Lu\u00eds Fazenda","Tempo estimado de leitura":"4 minutos"},"schema":{"@context":"https:\/\/schema.org","@graph":[{"@type":"Article","@id":"https:\/\/acontradicao.pt\/?p=428#article","isPartOf":{"@id":"https:\/\/acontradicao.pt\/?p=428"},"author":{"name":"Lu\u00eds Fazenda","@id":"https:\/\/acontradicao.pt\/#\/schema\/person\/2df02fe3cc6547b8c9f0e9933c10c3b0"},"headline":"Revisionismo imposs\u00edvel","datePublished":"2025-06-14T11:13:19+00:00","dateModified":"2025-06-14T11:14:43+00:00","mainEntityOfPage":{"@id":"https:\/\/acontradicao.pt\/?p=428"},"wordCount":616,"commentCount":0,"publisher":{"@id":"https:\/\/acontradicao.pt\/#organization"},"image":{"@id":"https:\/\/acontradicao.pt\/?p=428#primaryimage"},"thumbnailUrl":"https:\/\/acontradicao.pt\/wp-content\/uploads\/2025\/06\/2002344.jpeg","articleSection":["Uncategorized"],"inLanguage":"pt-PT","potentialAction":[{"@type":"CommentAction","name":"Comment","target":["https:\/\/acontradicao.pt\/?p=428#respond"]}]},{"@type":"WebPage","@id":"https:\/\/acontradicao.pt\/?p=428","url":"https:\/\/acontradicao.pt\/?p=428","name":"Revisionismo imposs\u00edvel - AContradi\u00e7\u00e3o","isPartOf":{"@id":"https:\/\/acontradicao.pt\/#website"},"primaryImageOfPage":{"@id":"https:\/\/acontradicao.pt\/?p=428#primaryimage"},"image":{"@id":"https:\/\/acontradicao.pt\/?p=428#primaryimage"},"thumbnailUrl":"https:\/\/acontradicao.pt\/wp-content\/uploads\/2025\/06\/2002344.jpeg","datePublished":"2025-06-14T11:13:19+00:00","dateModified":"2025-06-14T11:14:43+00:00","breadcrumb":{"@id":"https:\/\/acontradicao.pt\/?p=428#breadcrumb"},"inLanguage":"pt-PT","potentialAction":[{"@type":"ReadAction","target":["https:\/\/acontradicao.pt\/?p=428"]}]},{"@type":"ImageObject","inLanguage":"pt-PT","@id":"https:\/\/acontradicao.pt\/?p=428#primaryimage","url":"https:\/\/acontradicao.pt\/wp-content\/uploads\/2025\/06\/2002344.jpeg","contentUrl":"https:\/\/acontradicao.pt\/wp-content\/uploads\/2025\/06\/2002344.jpeg","width":2048,"height":1365,"caption":"\u00a9 Nuno Ferreira Santos"},{"@type":"BreadcrumbList","@id":"https:\/\/acontradicao.pt\/?p=428#breadcrumb","itemListElement":[{"@type":"ListItem","position":1,"name":"Home","item":"https:\/\/acontradicao.pt\/"},{"@type":"ListItem","position":2,"name":"Revisionismo imposs\u00edvel"}]},{"@type":"WebSite","@id":"https:\/\/acontradicao.pt\/#website","url":"https:\/\/acontradicao.pt\/","name":"AContradi\u00e7\u00e3o","description":"","publisher":{"@id":"https:\/\/acontradicao.pt\/#organization"},"potentialAction":[{"@type":"SearchAction","target":{"@type":"EntryPoint","urlTemplate":"https:\/\/acontradicao.pt\/?s={search_term_string}"},"query-input":{"@type":"PropertyValueSpecification","valueRequired":true,"valueName":"search_term_string"}}],"inLanguage":"pt-PT"},{"@type":"Organization","@id":"https:\/\/acontradicao.pt\/#organization","name":"AContradi\u00e7\u00e3o","url":"https:\/\/acontradicao.pt\/","logo":{"@type":"ImageObject","inLanguage":"pt-PT","@id":"https:\/\/acontradicao.pt\/#\/schema\/logo\/image\/","url":"https:\/\/acontradicao.pt\/wp-content\/uploads\/2025\/02\/LogoAContradicaobranco.png","contentUrl":"https:\/\/acontradicao.pt\/wp-content\/uploads\/2025\/02\/LogoAContradicaobranco.png","width":4250,"height":975,"caption":"AContradi\u00e7\u00e3o"},"image":{"@id":"https:\/\/acontradicao.pt\/#\/schema\/logo\/image\/"}},{"@type":"Person","@id":"https:\/\/acontradicao.pt\/#\/schema\/person\/2df02fe3cc6547b8c9f0e9933c10c3b0","name":"Lu\u00eds Fazenda","image":{"@type":"ImageObject","inLanguage":"pt-PT","@id":"https:\/\/secure.gravatar.com\/avatar\/8a8bcafe49e3ebfe668915023549508d038b3c9a8548f27e41ac1b52dba0f44a?s=96&d=mm&r=g","url":"https:\/\/secure.gravatar.com\/avatar\/8a8bcafe49e3ebfe668915023549508d038b3c9a8548f27e41ac1b52dba0f44a?s=96&d=mm&r=g","contentUrl":"https:\/\/secure.gravatar.com\/avatar\/8a8bcafe49e3ebfe668915023549508d038b3c9a8548f27e41ac1b52dba0f44a?s=96&d=mm&r=g","caption":"Lu\u00eds Fazenda"},"description":"Lu\u00eds Fazenda andou pelo sindicalismo, passou por assembleias municipais e pelo parlamento em busca da justi\u00e7a que falta. N\u00e3o tem jeito para fazer piadas.","url":"https:\/\/acontradicao.pt\/?author=15"}]}},"jetpack_featured_media_url":"https:\/\/acontradicao.pt\/wp-content\/uploads\/2025\/06\/2002344.jpeg","_links":{"self":[{"href":"https:\/\/acontradicao.pt\/index.php?rest_route=\/wp\/v2\/posts\/428","targetHints":{"allow":["GET"]}}],"collection":[{"href":"https:\/\/acontradicao.pt\/index.php?rest_route=\/wp\/v2\/posts"}],"about":[{"href":"https:\/\/acontradicao.pt\/index.php?rest_route=\/wp\/v2\/types\/post"}],"author":[{"embeddable":true,"href":"https:\/\/acontradicao.pt\/index.php?rest_route=\/wp\/v2\/users\/15"}],"replies":[{"embeddable":true,"href":"https:\/\/acontradicao.pt\/index.php?rest_route=%2Fwp%2Fv2%2Fcomments&post=428"}],"version-history":[{"count":2,"href":"https:\/\/acontradicao.pt\/index.php?rest_route=\/wp\/v2\/posts\/428\/revisions"}],"predecessor-version":[{"id":432,"href":"https:\/\/acontradicao.pt\/index.php?rest_route=\/wp\/v2\/posts\/428\/revisions\/432"}],"wp:featuredmedia":[{"embeddable":true,"href":"https:\/\/acontradicao.pt\/index.php?rest_route=\/wp\/v2\/media\/431"}],"wp:attachment":[{"href":"https:\/\/acontradicao.pt\/index.php?rest_route=%2Fwp%2Fv2%2Fmedia&parent=428"}],"wp:term":[{"taxonomy":"category","embeddable":true,"href":"https:\/\/acontradicao.pt\/index.php?rest_route=%2Fwp%2Fv2%2Fcategories&post=428"},{"taxonomy":"post_tag","embeddable":true,"href":"https:\/\/acontradicao.pt\/index.php?rest_route=%2Fwp%2Fv2%2Ftags&post=428"}],"curies":[{"name":"wp","href":"https:\/\/api.w.org\/{rel}","templated":true}]}}