{"id":406,"date":"2025-05-26T13:58:05","date_gmt":"2025-05-26T13:58:05","guid":{"rendered":"https:\/\/acontradicao.pt\/?p=406"},"modified":"2025-05-26T13:58:06","modified_gmt":"2025-05-26T13:58:06","slug":"odiar-na-politica","status":"publish","type":"post","link":"https:\/\/acontradicao.pt\/?p=406","title":{"rendered":"Odiar na pol\u00edtica"},"content":{"rendered":"\n<p>Mais do que nunca, imp\u00f5e-se o tempo de pensar: ser\u00e1 o mundo \u2014 e as rela\u00e7\u00f5es que o tecem \u2014 um lugar de amor ou de \u00f3dio, de fraternidade ou de confronto? Cresce, silenciosamente, um afastamento cont\u00ednuo; instala-se um vazio forjado, uma dist\u00e2ncia imposta que, sorrateira, separa os seres humanos e esbate a empatia. O que nos deveria unir, desvanece. E o sentir comum torna-se ru\u00eddo distante.<\/p>\n\n\n\n<p>A empatia \u00e9 a arte silenciosa de habitar o cora\u00e7\u00e3o do outro, \u00e9 ouvir os estados da alma, distanciar-se dos preconceitos e partilhar as dores e anseios. Tamb\u00e9m a pol\u00edtica, enquanto a manobragem do fio invis\u00edvel que define os destinos humanos, deve fazer da empatia a sua principal arma. A pol\u00edtica deve ser o espa\u00e7o onde a empatia se transforma em a\u00e7\u00e3o coletiva, onde o sentir do outro se traduz em escolhas que arquitetam pontes e n\u00e3o muros. Como podem a pol\u00edtica e a empatia, t\u00e3o indissoci\u00e1veis na sua ess\u00eancia, coabitar num mundo em que nos afastamos fisicamente &#8211; no corpo e no v\u00ednculo, na presen\u00e7a f\u00edsica &#8211; e nas paisagens virtuais que nos prometem aproxima\u00e7\u00e3o, mas cultivam a dist\u00e2ncia?<\/p>\n\n\n\n<p>As redes sociais, criadas para aproximar, tornaram-se espelhos partidos que devolvem apenas fragmentos do mundo \u2014 aqueles que mais confirmam o que j\u00e1 se pensa, o que j\u00e1 se sente. O algoritmo, silencioso e eficaz, alimenta certezas, amplia convic\u00e7\u00f5es e sufoca o contradit\u00f3rio. O que era espa\u00e7o para o di\u00e1logo virou um campo de batalha: as vozes gritam, ouvem-se pouco, e a raz\u00e3o perde-se entre emojis de f\u00faria e palavras afiadas.<\/p>\n\n\n\n<p>Na sua l\u00f3gica por vezes incompreens\u00edvel, o debate pol\u00edtico cede ao espet\u00e1culo, a velocidade dos clicks substitui a reflex\u00e3o e, na \u00e2nsia de pertencer a um grupo, muitos s\u00e3o aqueles que se esquecem de quem est\u00e1 no outro lado. \u00c9 certo que a polariza\u00e7\u00e3o n\u00e3o nasce do desacordo, mas sim da incapacidade de reconhecer a exist\u00eancia de humanidade na opini\u00e3o divergente. N\u00e3o obstante aos riscos associados, pol\u00edtica tamb\u00e9m \u00e9 polarizar.<\/p>\n\n\n\n<p>Enquanto a batalha pelo espa\u00e7o pol\u00edtico se fizer contra aqueles que, embebidos em \u00f3dio pela diferen\u00e7a, se erguem contra os direitos conquistados e que usam o medo como motor de mobiliza\u00e7\u00e3o, n\u00e3o h\u00e1 neutralidade poss\u00edvel. Quando a extrema-direita avan\u00e7a com discursos mis\u00f3ginos, racistas, LGBTf\u00f3bicos e xen\u00f3fobos, responder com firmeza n\u00e3o \u00e9 s\u00f3 leg\u00edtimo &#8211; \u00e9 necess\u00e1rio. Polarizar n\u00e3o significa alimentar o conflito gratuito \u2014 significa tomar posi\u00e7\u00e3o.<\/p>\n\n\n\n<p>A pol\u00edtica n\u00e3o se esgota no consenso, pelo que tamb\u00e9m \u00e9 confronto quando o que est\u00e1 em jogo \u00e9 a dignidade de vidas inteiras. Polarizar n\u00e3o \u00e9 rejeitar o di\u00e1logo, mas sim recusar a normaliza\u00e7\u00e3o da viol\u00eancia arbitr\u00e1ria. \u00c9 tra\u00e7ar uma linha \u00e9tica, mas n\u00e3o moralista, que diga que daqui n\u00e3o se ultrapassa. Afinal, existem momentos em que a empatia exige a tomada de posi\u00e7\u00f5es e a capacidade de ouvir o outro cede lugar \u00e0 resist\u00eancia.<\/p>\n\n\n\n<p>Contudo, o exerc\u00edcio da empatia n\u00e3o se restringe apenas aos opositores de opini\u00e3o. Dentro dos nossos pr\u00f3prios espa\u00e7os pol\u00edticos, deve imperar a capacidade de ouvir o outro e de respeitar a sua humanidade, independentemente das diferen\u00e7as. Na luta por um mundo mais justo, a empatia deve ser o alicerce de todas as nossas rela\u00e7\u00f5es, n\u00e3o apenas com aqueles que pensam de forma diferente, mas tamb\u00e9m dentro dos espa\u00e7os que ocupamos. Enquanto pessoas de esquerda, temos a responsabilidade de praticar a escuta ativa e o respeito m\u00fatuo, reconhecendo que a constru\u00e7\u00e3o de uma sociedade inclusiva come\u00e7a dentro das nossas pr\u00f3prias din\u00e2micas.&nbsp; N\u00e3o podemos cair na tenta\u00e7\u00e3o de achar que a empatia \u00e9 apenas um gesto dirigido ao outro, ao opositor, ao inimigo pol\u00edtico. Ela deve tamb\u00e9m atravessar os nossos pr\u00f3prios la\u00e7os, nos desafios do di\u00e1logo interno e nas nossas pr\u00f3prias contradi\u00e7\u00f5es. S\u00f3 assim poderemos realmente criar um espa\u00e7o pol\u00edtico onde o outro n\u00e3o seja um advers\u00e1rio, mas algu\u00e9m com quem podemos aprender e crescer.<\/p>\n\n\n\n<p>\u00c9 preciso, mais do que nunca, resgatar a pol\u00edtica como exerc\u00edcio de cuidado, como espa\u00e7o de constru\u00e7\u00e3o comum. Porque sem empatia, a pol\u00edtica perde o seu sentido; e sem pol\u00edtica, a empatia n\u00e3o encontra caminhos para se tornar mundo.<\/p>\n","protected":false},"excerpt":{"rendered":"<p>Mais do que nunca, imp\u00f5e-se o tempo de pensar: ser\u00e1 o mundo \u2014 e as rela\u00e7\u00f5es que o tecem \u2014 um lugar de amor ou de \u00f3dio, de fraternidade ou de confronto? Cresce, silenciosamente, um afastamento cont\u00ednuo; instala-se um vazio forjado, uma dist\u00e2ncia imposta que, sorrateira, separa os seres humanos e esbate a empatia. O [&hellip;]<\/p>\n","protected":false},"author":3,"featured_media":407,"comment_status":"open","ping_status":"open","sticky":false,"template":"","format":"standard","meta":{"_acf_changed":false,"footnotes":""},"categories":[1],"tags":[],"class_list":["post-406","post","type-post","status-publish","format-standard","has-post-thumbnail","hentry","category-uncategorized"],"acf":[],"yoast_head":"<!-- This site is optimized with the Yoast SEO plugin v27.4 - https:\/\/yoast.com\/product\/yoast-seo-wordpress\/ -->\n<title>Odiar na pol\u00edtica - AContradi\u00e7\u00e3o<\/title>\n<meta name=\"description\" content=\"Mais do que nunca, imp\u00f5e-se o tempo de pensar: ser\u00e1 o mundo \u2014 e as rela\u00e7\u00f5es que o tecem \u2014 um lugar de amor ou de \u00f3dio, de fraternidade ou de confronto?\" \/>\n<meta name=\"robots\" content=\"index, follow, max-snippet:-1, max-image-preview:large, max-video-preview:-1\" \/>\n<link rel=\"canonical\" href=\"https:\/\/acontradicao.pt\/?p=406\" \/>\n<meta property=\"og:locale\" content=\"pt_PT\" \/>\n<meta property=\"og:type\" content=\"article\" \/>\n<meta property=\"og:title\" content=\"Odiar na pol\u00edtica - AContradi\u00e7\u00e3o\" \/>\n<meta property=\"og:description\" content=\"Mais do que nunca, imp\u00f5e-se o tempo de pensar: ser\u00e1 o mundo \u2014 e as rela\u00e7\u00f5es que o tecem \u2014 um lugar de amor ou de \u00f3dio, de fraternidade ou de confronto?\" \/>\n<meta property=\"og:url\" content=\"https:\/\/acontradicao.pt\/?p=406\" \/>\n<meta property=\"og:site_name\" content=\"AContradi\u00e7\u00e3o\" \/>\n<meta property=\"article:published_time\" content=\"2025-05-26T13:58:05+00:00\" \/>\n<meta property=\"article:modified_time\" content=\"2025-05-26T13:58:06+00:00\" \/>\n<meta property=\"og:image\" content=\"https:\/\/acontradicao.pt\/wp-content\/uploads\/2025\/05\/dn_import_dncxpgxxypnfpero_hisohz8n7xaq.png\" \/>\n\t<meta property=\"og:image:width\" content=\"1200\" \/>\n\t<meta property=\"og:image:height\" content=\"799\" \/>\n\t<meta property=\"og:image:type\" content=\"image\/png\" \/>\n<meta name=\"author\" content=\"Diogo Mira\" \/>\n<meta name=\"twitter:card\" content=\"summary_large_image\" \/>\n<meta name=\"twitter:label1\" content=\"Escrito por\" \/>\n\t<meta name=\"twitter:data1\" content=\"Diogo Mira\" \/>\n\t<meta name=\"twitter:label2\" content=\"Tempo estimado de leitura\" \/>\n\t<meta name=\"twitter:data2\" content=\"4 minutos\" \/>\n<script type=\"application\/ld+json\" class=\"yoast-schema-graph\">{\"@context\":\"https:\\\/\\\/schema.org\",\"@graph\":[{\"@type\":\"Article\",\"@id\":\"https:\\\/\\\/acontradicao.pt\\\/?p=406#article\",\"isPartOf\":{\"@id\":\"https:\\\/\\\/acontradicao.pt\\\/?p=406\"},\"author\":{\"name\":\"Diogo Mira\",\"@id\":\"https:\\\/\\\/acontradicao.pt\\\/#\\\/schema\\\/person\\\/a7083a8c01d30c8243ec95984ec69ab5\"},\"headline\":\"Odiar na pol\u00edtica\",\"datePublished\":\"2025-05-26T13:58:05+00:00\",\"dateModified\":\"2025-05-26T13:58:06+00:00\",\"mainEntityOfPage\":{\"@id\":\"https:\\\/\\\/acontradicao.pt\\\/?p=406\"},\"wordCount\":767,\"commentCount\":0,\"publisher\":{\"@id\":\"https:\\\/\\\/acontradicao.pt\\\/#organization\"},\"image\":{\"@id\":\"https:\\\/\\\/acontradicao.pt\\\/?p=406#primaryimage\"},\"thumbnailUrl\":\"https:\\\/\\\/acontradicao.pt\\\/wp-content\\\/uploads\\\/2025\\\/05\\\/dn_import_dncxpgxxypnfpero_hisohz8n7xaq.png\",\"articleSection\":[\"Uncategorized\"],\"inLanguage\":\"pt-PT\",\"potentialAction\":[{\"@type\":\"CommentAction\",\"name\":\"Comment\",\"target\":[\"https:\\\/\\\/acontradicao.pt\\\/?p=406#respond\"]}]},{\"@type\":\"WebPage\",\"@id\":\"https:\\\/\\\/acontradicao.pt\\\/?p=406\",\"url\":\"https:\\\/\\\/acontradicao.pt\\\/?p=406\",\"name\":\"Odiar na pol\u00edtica - AContradi\u00e7\u00e3o\",\"isPartOf\":{\"@id\":\"https:\\\/\\\/acontradicao.pt\\\/#website\"},\"primaryImageOfPage\":{\"@id\":\"https:\\\/\\\/acontradicao.pt\\\/?p=406#primaryimage\"},\"image\":{\"@id\":\"https:\\\/\\\/acontradicao.pt\\\/?p=406#primaryimage\"},\"thumbnailUrl\":\"https:\\\/\\\/acontradicao.pt\\\/wp-content\\\/uploads\\\/2025\\\/05\\\/dn_import_dncxpgxxypnfpero_hisohz8n7xaq.png\",\"datePublished\":\"2025-05-26T13:58:05+00:00\",\"dateModified\":\"2025-05-26T13:58:06+00:00\",\"description\":\"Mais do que nunca, imp\u00f5e-se o tempo de pensar: ser\u00e1 o mundo \u2014 e as rela\u00e7\u00f5es que o tecem \u2014 um lugar de amor ou de \u00f3dio, de fraternidade ou de confronto?\",\"breadcrumb\":{\"@id\":\"https:\\\/\\\/acontradicao.pt\\\/?p=406#breadcrumb\"},\"inLanguage\":\"pt-PT\",\"potentialAction\":[{\"@type\":\"ReadAction\",\"target\":[\"https:\\\/\\\/acontradicao.pt\\\/?p=406\"]}]},{\"@type\":\"ImageObject\",\"inLanguage\":\"pt-PT\",\"@id\":\"https:\\\/\\\/acontradicao.pt\\\/?p=406#primaryimage\",\"url\":\"https:\\\/\\\/acontradicao.pt\\\/wp-content\\\/uploads\\\/2025\\\/05\\\/dn_import_dncxpgxxypnfpero_hisohz8n7xaq.png\",\"contentUrl\":\"https:\\\/\\\/acontradicao.pt\\\/wp-content\\\/uploads\\\/2025\\\/05\\\/dn_import_dncxpgxxypnfpero_hisohz8n7xaq.png\",\"width\":1200,\"height\":799,\"caption\":\"\u00a9Maria Jo\u00e3o Gala\\\/Global Imagens\"},{\"@type\":\"BreadcrumbList\",\"@id\":\"https:\\\/\\\/acontradicao.pt\\\/?p=406#breadcrumb\",\"itemListElement\":[{\"@type\":\"ListItem\",\"position\":1,\"name\":\"Home\",\"item\":\"https:\\\/\\\/acontradicao.pt\\\/\"},{\"@type\":\"ListItem\",\"position\":2,\"name\":\"Odiar na pol\u00edtica\"}]},{\"@type\":\"WebSite\",\"@id\":\"https:\\\/\\\/acontradicao.pt\\\/#website\",\"url\":\"https:\\\/\\\/acontradicao.pt\\\/\",\"name\":\"AContradi\u00e7\u00e3o\",\"description\":\"\",\"publisher\":{\"@id\":\"https:\\\/\\\/acontradicao.pt\\\/#organization\"},\"potentialAction\":[{\"@type\":\"SearchAction\",\"target\":{\"@type\":\"EntryPoint\",\"urlTemplate\":\"https:\\\/\\\/acontradicao.pt\\\/?s={search_term_string}\"},\"query-input\":{\"@type\":\"PropertyValueSpecification\",\"valueRequired\":true,\"valueName\":\"search_term_string\"}}],\"inLanguage\":\"pt-PT\"},{\"@type\":\"Organization\",\"@id\":\"https:\\\/\\\/acontradicao.pt\\\/#organization\",\"name\":\"AContradi\u00e7\u00e3o\",\"url\":\"https:\\\/\\\/acontradicao.pt\\\/\",\"logo\":{\"@type\":\"ImageObject\",\"inLanguage\":\"pt-PT\",\"@id\":\"https:\\\/\\\/acontradicao.pt\\\/#\\\/schema\\\/logo\\\/image\\\/\",\"url\":\"https:\\\/\\\/acontradicao.pt\\\/wp-content\\\/uploads\\\/2025\\\/02\\\/LogoAContradicaobranco.png\",\"contentUrl\":\"https:\\\/\\\/acontradicao.pt\\\/wp-content\\\/uploads\\\/2025\\\/02\\\/LogoAContradicaobranco.png\",\"width\":4250,\"height\":975,\"caption\":\"AContradi\u00e7\u00e3o\"},\"image\":{\"@id\":\"https:\\\/\\\/acontradicao.pt\\\/#\\\/schema\\\/logo\\\/image\\\/\"}},{\"@type\":\"Person\",\"@id\":\"https:\\\/\\\/acontradicao.pt\\\/#\\\/schema\\\/person\\\/a7083a8c01d30c8243ec95984ec69ab5\",\"name\":\"Diogo Mira\",\"image\":{\"@type\":\"ImageObject\",\"inLanguage\":\"pt-PT\",\"@id\":\"https:\\\/\\\/secure.gravatar.com\\\/avatar\\\/4c17d5e7e552c4f38012807f22f4d9bfaaa6b3916c49f9184dc3220bd480f1e6?s=96&d=mm&r=g\",\"url\":\"https:\\\/\\\/secure.gravatar.com\\\/avatar\\\/4c17d5e7e552c4f38012807f22f4d9bfaaa6b3916c49f9184dc3220bd480f1e6?s=96&d=mm&r=g\",\"contentUrl\":\"https:\\\/\\\/secure.gravatar.com\\\/avatar\\\/4c17d5e7e552c4f38012807f22f4d9bfaaa6b3916c49f9184dc3220bd480f1e6?s=96&d=mm&r=g\",\"caption\":\"Diogo Mira\"},\"description\":\"Diogo Mira \u00e9 licenciado em Rela\u00e7\u00f5es Internacionais e aficionado pela pol\u00edtica latino-americana. Curioso pelas inquietudes pol\u00edticas e viciado em fazer perguntas sem resposta. Almadense com costela alentejana, com o cante nos ouvidos desde sempre.\",\"url\":\"https:\\\/\\\/acontradicao.pt\\\/?author=3\"}]}<\/script>\n<!-- \/ Yoast SEO plugin. -->","yoast_head_json":{"title":"Odiar na pol\u00edtica - AContradi\u00e7\u00e3o","description":"Mais do que nunca, imp\u00f5e-se o tempo de pensar: ser\u00e1 o mundo \u2014 e as rela\u00e7\u00f5es que o tecem \u2014 um lugar de amor ou de \u00f3dio, de fraternidade ou de confronto?","robots":{"index":"index","follow":"follow","max-snippet":"max-snippet:-1","max-image-preview":"max-image-preview:large","max-video-preview":"max-video-preview:-1"},"canonical":"https:\/\/acontradicao.pt\/?p=406","og_locale":"pt_PT","og_type":"article","og_title":"Odiar na pol\u00edtica - AContradi\u00e7\u00e3o","og_description":"Mais do que nunca, imp\u00f5e-se o tempo de pensar: ser\u00e1 o mundo \u2014 e as rela\u00e7\u00f5es que o tecem \u2014 um lugar de amor ou de \u00f3dio, de fraternidade ou de confronto?","og_url":"https:\/\/acontradicao.pt\/?p=406","og_site_name":"AContradi\u00e7\u00e3o","article_published_time":"2025-05-26T13:58:05+00:00","article_modified_time":"2025-05-26T13:58:06+00:00","og_image":[{"width":1200,"height":799,"url":"https:\/\/acontradicao.pt\/wp-content\/uploads\/2025\/05\/dn_import_dncxpgxxypnfpero_hisohz8n7xaq.png","type":"image\/png"}],"author":"Diogo Mira","twitter_card":"summary_large_image","twitter_misc":{"Escrito por":"Diogo Mira","Tempo estimado de leitura":"4 minutos"},"schema":{"@context":"https:\/\/schema.org","@graph":[{"@type":"Article","@id":"https:\/\/acontradicao.pt\/?p=406#article","isPartOf":{"@id":"https:\/\/acontradicao.pt\/?p=406"},"author":{"name":"Diogo Mira","@id":"https:\/\/acontradicao.pt\/#\/schema\/person\/a7083a8c01d30c8243ec95984ec69ab5"},"headline":"Odiar na pol\u00edtica","datePublished":"2025-05-26T13:58:05+00:00","dateModified":"2025-05-26T13:58:06+00:00","mainEntityOfPage":{"@id":"https:\/\/acontradicao.pt\/?p=406"},"wordCount":767,"commentCount":0,"publisher":{"@id":"https:\/\/acontradicao.pt\/#organization"},"image":{"@id":"https:\/\/acontradicao.pt\/?p=406#primaryimage"},"thumbnailUrl":"https:\/\/acontradicao.pt\/wp-content\/uploads\/2025\/05\/dn_import_dncxpgxxypnfpero_hisohz8n7xaq.png","articleSection":["Uncategorized"],"inLanguage":"pt-PT","potentialAction":[{"@type":"CommentAction","name":"Comment","target":["https:\/\/acontradicao.pt\/?p=406#respond"]}]},{"@type":"WebPage","@id":"https:\/\/acontradicao.pt\/?p=406","url":"https:\/\/acontradicao.pt\/?p=406","name":"Odiar na pol\u00edtica - AContradi\u00e7\u00e3o","isPartOf":{"@id":"https:\/\/acontradicao.pt\/#website"},"primaryImageOfPage":{"@id":"https:\/\/acontradicao.pt\/?p=406#primaryimage"},"image":{"@id":"https:\/\/acontradicao.pt\/?p=406#primaryimage"},"thumbnailUrl":"https:\/\/acontradicao.pt\/wp-content\/uploads\/2025\/05\/dn_import_dncxpgxxypnfpero_hisohz8n7xaq.png","datePublished":"2025-05-26T13:58:05+00:00","dateModified":"2025-05-26T13:58:06+00:00","description":"Mais do que nunca, imp\u00f5e-se o tempo de pensar: ser\u00e1 o mundo \u2014 e as rela\u00e7\u00f5es que o tecem \u2014 um lugar de amor ou de \u00f3dio, de fraternidade ou de confronto?","breadcrumb":{"@id":"https:\/\/acontradicao.pt\/?p=406#breadcrumb"},"inLanguage":"pt-PT","potentialAction":[{"@type":"ReadAction","target":["https:\/\/acontradicao.pt\/?p=406"]}]},{"@type":"ImageObject","inLanguage":"pt-PT","@id":"https:\/\/acontradicao.pt\/?p=406#primaryimage","url":"https:\/\/acontradicao.pt\/wp-content\/uploads\/2025\/05\/dn_import_dncxpgxxypnfpero_hisohz8n7xaq.png","contentUrl":"https:\/\/acontradicao.pt\/wp-content\/uploads\/2025\/05\/dn_import_dncxpgxxypnfpero_hisohz8n7xaq.png","width":1200,"height":799,"caption":"\u00a9Maria Jo\u00e3o Gala\/Global Imagens"},{"@type":"BreadcrumbList","@id":"https:\/\/acontradicao.pt\/?p=406#breadcrumb","itemListElement":[{"@type":"ListItem","position":1,"name":"Home","item":"https:\/\/acontradicao.pt\/"},{"@type":"ListItem","position":2,"name":"Odiar na pol\u00edtica"}]},{"@type":"WebSite","@id":"https:\/\/acontradicao.pt\/#website","url":"https:\/\/acontradicao.pt\/","name":"AContradi\u00e7\u00e3o","description":"","publisher":{"@id":"https:\/\/acontradicao.pt\/#organization"},"potentialAction":[{"@type":"SearchAction","target":{"@type":"EntryPoint","urlTemplate":"https:\/\/acontradicao.pt\/?s={search_term_string}"},"query-input":{"@type":"PropertyValueSpecification","valueRequired":true,"valueName":"search_term_string"}}],"inLanguage":"pt-PT"},{"@type":"Organization","@id":"https:\/\/acontradicao.pt\/#organization","name":"AContradi\u00e7\u00e3o","url":"https:\/\/acontradicao.pt\/","logo":{"@type":"ImageObject","inLanguage":"pt-PT","@id":"https:\/\/acontradicao.pt\/#\/schema\/logo\/image\/","url":"https:\/\/acontradicao.pt\/wp-content\/uploads\/2025\/02\/LogoAContradicaobranco.png","contentUrl":"https:\/\/acontradicao.pt\/wp-content\/uploads\/2025\/02\/LogoAContradicaobranco.png","width":4250,"height":975,"caption":"AContradi\u00e7\u00e3o"},"image":{"@id":"https:\/\/acontradicao.pt\/#\/schema\/logo\/image\/"}},{"@type":"Person","@id":"https:\/\/acontradicao.pt\/#\/schema\/person\/a7083a8c01d30c8243ec95984ec69ab5","name":"Diogo Mira","image":{"@type":"ImageObject","inLanguage":"pt-PT","@id":"https:\/\/secure.gravatar.com\/avatar\/4c17d5e7e552c4f38012807f22f4d9bfaaa6b3916c49f9184dc3220bd480f1e6?s=96&d=mm&r=g","url":"https:\/\/secure.gravatar.com\/avatar\/4c17d5e7e552c4f38012807f22f4d9bfaaa6b3916c49f9184dc3220bd480f1e6?s=96&d=mm&r=g","contentUrl":"https:\/\/secure.gravatar.com\/avatar\/4c17d5e7e552c4f38012807f22f4d9bfaaa6b3916c49f9184dc3220bd480f1e6?s=96&d=mm&r=g","caption":"Diogo Mira"},"description":"Diogo Mira \u00e9 licenciado em Rela\u00e7\u00f5es Internacionais e aficionado pela pol\u00edtica latino-americana. Curioso pelas inquietudes pol\u00edticas e viciado em fazer perguntas sem resposta. Almadense com costela alentejana, com o cante nos ouvidos desde sempre.","url":"https:\/\/acontradicao.pt\/?author=3"}]}},"jetpack_featured_media_url":"https:\/\/acontradicao.pt\/wp-content\/uploads\/2025\/05\/dn_import_dncxpgxxypnfpero_hisohz8n7xaq.png","_links":{"self":[{"href":"https:\/\/acontradicao.pt\/index.php?rest_route=\/wp\/v2\/posts\/406","targetHints":{"allow":["GET"]}}],"collection":[{"href":"https:\/\/acontradicao.pt\/index.php?rest_route=\/wp\/v2\/posts"}],"about":[{"href":"https:\/\/acontradicao.pt\/index.php?rest_route=\/wp\/v2\/types\/post"}],"author":[{"embeddable":true,"href":"https:\/\/acontradicao.pt\/index.php?rest_route=\/wp\/v2\/users\/3"}],"replies":[{"embeddable":true,"href":"https:\/\/acontradicao.pt\/index.php?rest_route=%2Fwp%2Fv2%2Fcomments&post=406"}],"version-history":[{"count":1,"href":"https:\/\/acontradicao.pt\/index.php?rest_route=\/wp\/v2\/posts\/406\/revisions"}],"predecessor-version":[{"id":408,"href":"https:\/\/acontradicao.pt\/index.php?rest_route=\/wp\/v2\/posts\/406\/revisions\/408"}],"wp:featuredmedia":[{"embeddable":true,"href":"https:\/\/acontradicao.pt\/index.php?rest_route=\/wp\/v2\/media\/407"}],"wp:attachment":[{"href":"https:\/\/acontradicao.pt\/index.php?rest_route=%2Fwp%2Fv2%2Fmedia&parent=406"}],"wp:term":[{"taxonomy":"category","embeddable":true,"href":"https:\/\/acontradicao.pt\/index.php?rest_route=%2Fwp%2Fv2%2Fcategories&post=406"},{"taxonomy":"post_tag","embeddable":true,"href":"https:\/\/acontradicao.pt\/index.php?rest_route=%2Fwp%2Fv2%2Ftags&post=406"}],"curies":[{"name":"wp","href":"https:\/\/api.w.org\/{rel}","templated":true}]}}