{"id":361,"date":"2025-03-25T17:21:24","date_gmt":"2025-03-25T17:21:24","guid":{"rendered":"https:\/\/acontradicao.pt\/?p=361"},"modified":"2025-03-25T17:21:25","modified_gmt":"2025-03-25T17:21:25","slug":"notas-sobre-imperialismo","status":"publish","type":"post","link":"https:\/\/acontradicao.pt\/?p=361","title":{"rendered":"Notas sobre imperialismo"},"content":{"rendered":"\n<p>O imperialismo permanece uma quest\u00e3o central na din\u00e2mica global contempor\u00e2nea, sendo imprescind\u00edvel debat\u00ea-lo num mundo marcado por conflitos armados, crises econ\u00f3micas e desigualdades estruturais. A sua compreens\u00e3o e o papel da esquerda na sua contesta\u00e7\u00e3o n\u00e3o constituem meras reflex\u00f5es acad\u00e9micas ou abstratas, mas sim uma necessidade premente para qualquer projeto pol\u00edtico que se pretenda emancipat\u00f3rio.<\/p>\n\n\n\n<p>Longe de ser um fen\u00f3meno confinado ao passado colonial do s\u00e9culo XIX, o imperialismo \u00e9 inerente ao funcionamento do capitalismo e continua a moldar profundamente a realidade das sociedades modernas. A sua influ\u00eancia manifesta-se de m\u00faltiplas formas: no pre\u00e7o dos combust\u00edveis, nos n\u00edveis de desemprego ou no modo como os meios de comunica\u00e7\u00e3o moldam a perce\u00e7\u00e3o p\u00fablica acerca dos conflitos internacionais, definindo arbitrariamente os \u2018bons\u2019 e os \u2018maus\u2019 consoante interesses estrat\u00e9gicos e econ\u00f3micos.<\/p>\n\n\n\n<p>Para compreender a ess\u00eancia do imperialismo, importa questionar a raiz das desigualdades globais: porque coexistem na\u00e7\u00f5es extremamente ricas com outras mergulhadas na mis\u00e9ria? Poder\u00e1 esta disparidade ser explicada meramente pelo esfor\u00e7o e m\u00e9rito individuais? A resposta imp\u00f5e-se com clareza: as pot\u00eancias capitalistas n\u00e3o se desenvolveram isoladamente, mas sim atrav\u00e9s da explora\u00e7\u00e3o sistem\u00e1tica de outras regi\u00f5es do mundo. Esta explora\u00e7\u00e3o, longe de ser um resqu\u00edcio do passado, foi-se adaptando e assumindo diferentes configura\u00e7\u00f5es ao longo da hist\u00f3ria.<\/p>\n\n\n\n<p>Karl Marx foi um dos primeiros a evidenciar a tend\u00eancia expansionista do capitalismo, sublinhando como este rompe barreiras e imp\u00f5e novas rela\u00e7\u00f5es de produ\u00e7\u00e3o em territ\u00f3rios anteriormente organizados sob outras estruturas econ\u00f3micas e sociais. O seu estudo do colonialismo brit\u00e2nico na \u00cdndia revelou como a destrui\u00e7\u00e3o da ind\u00fastria t\u00eaxtil local e a imposi\u00e7\u00e3o for\u00e7ada da economia de mercado alteraram radicalmente a estrutura social e econ\u00f3mica do pa\u00eds. Para Marx, o capitalismo continha um elemento contradit\u00f3rio: ao mesmo tempo que aniquilava formas de produ\u00e7\u00e3o pr\u00e9-capitalistas, tamb\u00e9m criava as bases para uma futura industrializa\u00e7\u00e3o. No entanto, a realidade demonstrou que tal desenvolvimento aut\u00f3nomo n\u00e3o se concretizou. Pelo contr\u00e1rio, as ex-col\u00f3nias foram inseridas num sistema global em que o seu papel estava predeterminado: fornecedores de mat\u00e9ria-prima barata, de m\u00e3o de obra subjugada e de mercados consumidores para os centros capitalistas.<\/p>\n\n\n\n<p>A necessidade de expans\u00e3o cont\u00ednua do capitalismo tornou-se ainda mais evidente com o advento do imperialismo moderno, analisado por economistas marxistas como Rudolf Hilferding. Inicialmente, o capitalismo caracterizava-se pela concorr\u00eancia entre pequenos empres\u00e1rios; por\u00e9m, ao longo do tempo, assistiu-se \u00e0 concentra\u00e7\u00e3o do capital em grandes monop\u00f3lios, estreitamente articulados com o poder financeiro. Os bancos passaram a desempenhar um papel central no financiamento da expans\u00e3o empresarial, consolidando uma alian\u00e7a entre o capital industrial e o capital financeiro. Este novo est\u00e1gio de desenvolvimento exigia a busca incessante de novos mercados e recursos, levando as pot\u00eancias imperialistas a projetar o seu dom\u00ednio para al\u00e9m das suas fronteiras nacionais.<\/p>\n\n\n\n<p>Lenine e Bukharin aprofundaram esta an\u00e1lise ao demonstrar que o imperialismo inevitavelmente conduzia ao conflito entre grandes pot\u00eancias, uma vez que todas elas procuravam expandir os seus monop\u00f3lios e garantir o acesso privilegiado a mercados e recursos. A Primeira Guerra Mundial ilustra essa l\u00f3gica, pois n\u00e3o resultou de meras disputas nacionalistas, mas antes da competi\u00e7\u00e3o feroz entre pot\u00eancias imperialistas pelos despojos do mundo.<\/p>\n\n\n\n<p>Embora a configura\u00e7\u00e3o do imperialismo tenha evolu\u00eddo, a sua l\u00f3gica essencial permanece inalterada. A rivalidade contempor\u00e2nea entre os Estados Unidos e a China pelo dom\u00ednio econ\u00f3mico global, as interven\u00e7\u00f5es militares no M\u00e9dio Oriente ou os golpes de Estado patrocinados externamente s\u00e3o express\u00f5es modernas dessa din\u00e2mica de domina\u00e7\u00e3o. A Teoria da Depend\u00eancia, desenvolvida no p\u00f3s-Segunda Guerra Mundial, evidenciou que a descoloniza\u00e7\u00e3o pol\u00edtica n\u00e3o significou o fim da explora\u00e7\u00e3o imperialista, mas antes a sua reformula\u00e7\u00e3o sob novas bases econ\u00f3micas e financeiras. O neocolonialismo imp\u00f4s-se atrav\u00e9s de institui\u00e7\u00f5es como o Fundo Monet\u00e1rio Internacional (FMI) e o Banco Mundial, cujas pol\u00edticas de endividamento perpetuam a depend\u00eancia das antigas col\u00f3nias, garantindo que continuem subordinadas aos interesses das grandes pot\u00eancias. Sempre que um governo tenta romper com este sistema, enfrenta retalia\u00e7\u00f5es severas, como demonstram os casos de Salvador Allende no Chile (1973) e Evo Morales na Bol\u00edvia (2019).<\/p>\n\n\n\n<p>Neste contexto, a esquerda enfrenta o desafio de articular uma resposta coerente e eficaz contra o imperialismo. No in\u00edcio do s\u00e9culo XX, muitos partidos socialistas europeus proclamavam-se anti-imperialistas; no entanto, com o eclodir da Primeira Guerra Mundial, a maioria optou por apoiar as suas burguesias nacionais, traindo o internacionalismo prolet\u00e1rio. Lenine, rompendo com essa tradi\u00e7\u00e3o, defendeu que a luta contra o imperialismo deveria ser um eixo central da revolu\u00e7\u00e3o socialista.<\/p>\n\n\n\n<p>Nas \u00faltimas d\u00e9cadas, e especialmente ap\u00f3s a queda da Uni\u00e3o Sovi\u00e9tica, uma parte significativa da esquerda abandonou ou relativizou a sua postura anti-imperialista, aceitando as premissas do neoliberalismo e a inevitabilidade da globaliza\u00e7\u00e3o capitalista. Contudo, a persist\u00eancia de guerras, crises e desigualdades demonstra que essa vis\u00e3o foi um erro. O imperialismo continua a subjugar milh\u00f5es de pessoas e a estruturar o mundo segundo os interesses das grandes pot\u00eancias.<\/p>\n\n\n\n<p>A an\u00e1lise do imperialismo russo \u00e9 crucial para evitar abordagens simplistas. A pol\u00edtica externa de Moscovo caracteriza-se por uma estrat\u00e9gia de militariza\u00e7\u00e3o e controlo de recursos estrat\u00e9gicos, perpetuando uma l\u00f3gica imperialista pr\u00f3pria. A invas\u00e3o da Ucr\u00e2nia exemplifica esta din\u00e2mica: trata-se de um Estado mais forte que imp\u00f5e a sua vontade sobre um vizinho soberano, recorrendo \u00e0 viol\u00eancia para preservar os seus interesses geopol\u00edticos. A R\u00fassia, ao contr\u00e1rio da narrativa que a apresenta como uma pot\u00eancia contra-hegem\u00f3nica, mant\u00e9m pr\u00e1ticas expansionistas semelhantes \u00e0s das pot\u00eancias ocidentais.<\/p>\n\n\n\n<p>Por sua vez, a NATO, sob a lideran\u00e7a dos Estados Unidos, invoca a seguran\u00e7a coletiva para justificar a sua expans\u00e3o militar, contribuindo para a escalada de tens\u00f5es. O alargamento da Alian\u00e7a Atl\u00e2ntica para leste refor\u00e7ou a perce\u00e7\u00e3o de amea\u00e7a da R\u00fassia e serviu como pretexto para a sua agressividade imperialista. Neste cen\u00e1rio, nem a R\u00fassia nem os pa\u00edses ocidentais atuam movidos por princ\u00edpios humanit\u00e1rios, mas sim pela luta por esferas de influ\u00eancia.<\/p>\n\n\n\n<p>A esquerda n\u00e3o pode cair na armadilha de escolher entre blocos imperialistas rivais. A autodetermina\u00e7\u00e3o dos povos n\u00e3o se defende atrav\u00e9s do apoio acr\u00edtico a qualquer superpot\u00eancia, como se verificou durante a Guerra Fria. O caso da China ilustra bem este dilema: apesar de se apresentar como alternativa ao dom\u00ednio ocidental, a sua ascens\u00e3o assenta numa l\u00f3gica capitalista e expansionista pr\u00f3pria, refletida na sua crescente presen\u00e7a militar e econ\u00f3mica a n\u00edvel global.<\/p>\n\n\n\n<p>A resposta da esquerda ao imperialismo deve assentar em quatro pilares fundamentais: a recupera\u00e7\u00e3o do internacionalismo, a den\u00fancia da propaganda hegem\u00f3nica, a promo\u00e7\u00e3o de alternativas econ\u00f3micas soberanas e a organiza\u00e7\u00e3o popular. S\u00f3 atrav\u00e9s de uma mobiliza\u00e7\u00e3o pol\u00edtica global, assente na solidariedade entre os povos e na constru\u00e7\u00e3o de estruturas econ\u00f3micas aut\u00f3nomas, ser\u00e1 poss\u00edvel p\u00f4r fim \u00e0 l\u00f3gica de explora\u00e7\u00e3o que sustenta o imperialismo. A hist\u00f3ria demonstra que este sistema n\u00e3o \u00e9 invenc\u00edvel. A grande quest\u00e3o que se imp\u00f5e \u00e9: qual ser\u00e1 o nosso papel nesta luta?<\/p>\n","protected":false},"excerpt":{"rendered":"<p>O imperialismo permanece uma quest\u00e3o central na din\u00e2mica global contempor\u00e2nea, sendo imprescind\u00edvel debat\u00ea-lo num mundo marcado por conflitos armados, crises econ\u00f3micas e desigualdades estruturais. A sua compreens\u00e3o e o papel da esquerda na sua contesta\u00e7\u00e3o n\u00e3o constituem meras reflex\u00f5es acad\u00e9micas ou abstratas, mas sim uma necessidade premente para qualquer projeto pol\u00edtico que se pretenda emancipat\u00f3rio. [&hellip;]<\/p>\n","protected":false},"author":3,"featured_media":362,"comment_status":"open","ping_status":"open","sticky":false,"template":"","format":"standard","meta":{"_acf_changed":false,"footnotes":""},"categories":[1],"tags":[],"class_list":["post-361","post","type-post","status-publish","format-standard","has-post-thumbnail","hentry","category-uncategorized"],"acf":[],"yoast_head":"<!-- This site is optimized with the Yoast SEO plugin v27.4 - https:\/\/yoast.com\/product\/yoast-seo-wordpress\/ -->\n<title>Notas sobre imperialismo - AContradi\u00e7\u00e3o<\/title>\n<meta name=\"description\" content=\"Para compreender a ess\u00eancia do imperialismo, importa questionar a raiz das desigualdades globais: porque coexistem na\u00e7\u00f5es extremamente ricas com outras mergulhadas na mis\u00e9ria?\" \/>\n<meta name=\"robots\" content=\"index, follow, max-snippet:-1, max-image-preview:large, max-video-preview:-1\" \/>\n<link rel=\"canonical\" href=\"https:\/\/acontradicao.pt\/?p=361\" \/>\n<meta property=\"og:locale\" content=\"pt_PT\" \/>\n<meta property=\"og:type\" content=\"article\" \/>\n<meta property=\"og:title\" content=\"Notas sobre imperialismo - AContradi\u00e7\u00e3o\" \/>\n<meta property=\"og:description\" content=\"Para compreender a ess\u00eancia do imperialismo, importa questionar a raiz das desigualdades globais: porque coexistem na\u00e7\u00f5es extremamente ricas com outras mergulhadas na mis\u00e9ria?\" \/>\n<meta property=\"og:url\" content=\"https:\/\/acontradicao.pt\/?p=361\" \/>\n<meta property=\"og:site_name\" content=\"AContradi\u00e7\u00e3o\" \/>\n<meta property=\"article:published_time\" content=\"2025-03-25T17:21:24+00:00\" \/>\n<meta property=\"article:modified_time\" content=\"2025-03-25T17:21:25+00:00\" \/>\n<meta property=\"og:image\" content=\"https:\/\/acontradicao.pt\/wp-content\/uploads\/2025\/03\/imperio.jpg\" \/>\n\t<meta property=\"og:image:width\" content=\"1840\" \/>\n\t<meta property=\"og:image:height\" content=\"790\" \/>\n\t<meta property=\"og:image:type\" content=\"image\/jpeg\" \/>\n<meta name=\"author\" content=\"Diogo Mira\" \/>\n<meta name=\"twitter:card\" content=\"summary_large_image\" \/>\n<meta name=\"twitter:label1\" content=\"Escrito por\" \/>\n\t<meta name=\"twitter:data1\" content=\"Diogo Mira\" \/>\n\t<meta name=\"twitter:label2\" content=\"Tempo estimado de leitura\" \/>\n\t<meta name=\"twitter:data2\" content=\"7 minutos\" \/>\n<script type=\"application\/ld+json\" class=\"yoast-schema-graph\">{\"@context\":\"https:\\\/\\\/schema.org\",\"@graph\":[{\"@type\":\"Article\",\"@id\":\"https:\\\/\\\/acontradicao.pt\\\/?p=361#article\",\"isPartOf\":{\"@id\":\"https:\\\/\\\/acontradicao.pt\\\/?p=361\"},\"author\":{\"name\":\"Diogo Mira\",\"@id\":\"https:\\\/\\\/acontradicao.pt\\\/#\\\/schema\\\/person\\\/a7083a8c01d30c8243ec95984ec69ab5\"},\"headline\":\"Notas sobre imperialismo\",\"datePublished\":\"2025-03-25T17:21:24+00:00\",\"dateModified\":\"2025-03-25T17:21:25+00:00\",\"mainEntityOfPage\":{\"@id\":\"https:\\\/\\\/acontradicao.pt\\\/?p=361\"},\"wordCount\":1297,\"commentCount\":0,\"publisher\":{\"@id\":\"https:\\\/\\\/acontradicao.pt\\\/#organization\"},\"image\":{\"@id\":\"https:\\\/\\\/acontradicao.pt\\\/?p=361#primaryimage\"},\"thumbnailUrl\":\"https:\\\/\\\/acontradicao.pt\\\/wp-content\\\/uploads\\\/2025\\\/03\\\/imperio.jpg\",\"articleSection\":[\"Uncategorized\"],\"inLanguage\":\"pt-PT\",\"potentialAction\":[{\"@type\":\"CommentAction\",\"name\":\"Comment\",\"target\":[\"https:\\\/\\\/acontradicao.pt\\\/?p=361#respond\"]}]},{\"@type\":\"WebPage\",\"@id\":\"https:\\\/\\\/acontradicao.pt\\\/?p=361\",\"url\":\"https:\\\/\\\/acontradicao.pt\\\/?p=361\",\"name\":\"Notas sobre imperialismo - AContradi\u00e7\u00e3o\",\"isPartOf\":{\"@id\":\"https:\\\/\\\/acontradicao.pt\\\/#website\"},\"primaryImageOfPage\":{\"@id\":\"https:\\\/\\\/acontradicao.pt\\\/?p=361#primaryimage\"},\"image\":{\"@id\":\"https:\\\/\\\/acontradicao.pt\\\/?p=361#primaryimage\"},\"thumbnailUrl\":\"https:\\\/\\\/acontradicao.pt\\\/wp-content\\\/uploads\\\/2025\\\/03\\\/imperio.jpg\",\"datePublished\":\"2025-03-25T17:21:24+00:00\",\"dateModified\":\"2025-03-25T17:21:25+00:00\",\"description\":\"Para compreender a ess\u00eancia do imperialismo, importa questionar a raiz das desigualdades globais: porque coexistem na\u00e7\u00f5es extremamente ricas com outras mergulhadas na mis\u00e9ria?\",\"breadcrumb\":{\"@id\":\"https:\\\/\\\/acontradicao.pt\\\/?p=361#breadcrumb\"},\"inLanguage\":\"pt-PT\",\"potentialAction\":[{\"@type\":\"ReadAction\",\"target\":[\"https:\\\/\\\/acontradicao.pt\\\/?p=361\"]}]},{\"@type\":\"ImageObject\",\"inLanguage\":\"pt-PT\",\"@id\":\"https:\\\/\\\/acontradicao.pt\\\/?p=361#primaryimage\",\"url\":\"https:\\\/\\\/acontradicao.pt\\\/wp-content\\\/uploads\\\/2025\\\/03\\\/imperio.jpg\",\"contentUrl\":\"https:\\\/\\\/acontradicao.pt\\\/wp-content\\\/uploads\\\/2025\\\/03\\\/imperio.jpg\",\"width\":1840,\"height\":790},{\"@type\":\"BreadcrumbList\",\"@id\":\"https:\\\/\\\/acontradicao.pt\\\/?p=361#breadcrumb\",\"itemListElement\":[{\"@type\":\"ListItem\",\"position\":1,\"name\":\"Home\",\"item\":\"https:\\\/\\\/acontradicao.pt\\\/\"},{\"@type\":\"ListItem\",\"position\":2,\"name\":\"Notas sobre imperialismo\"}]},{\"@type\":\"WebSite\",\"@id\":\"https:\\\/\\\/acontradicao.pt\\\/#website\",\"url\":\"https:\\\/\\\/acontradicao.pt\\\/\",\"name\":\"AContradi\u00e7\u00e3o\",\"description\":\"\",\"publisher\":{\"@id\":\"https:\\\/\\\/acontradicao.pt\\\/#organization\"},\"potentialAction\":[{\"@type\":\"SearchAction\",\"target\":{\"@type\":\"EntryPoint\",\"urlTemplate\":\"https:\\\/\\\/acontradicao.pt\\\/?s={search_term_string}\"},\"query-input\":{\"@type\":\"PropertyValueSpecification\",\"valueRequired\":true,\"valueName\":\"search_term_string\"}}],\"inLanguage\":\"pt-PT\"},{\"@type\":\"Organization\",\"@id\":\"https:\\\/\\\/acontradicao.pt\\\/#organization\",\"name\":\"AContradi\u00e7\u00e3o\",\"url\":\"https:\\\/\\\/acontradicao.pt\\\/\",\"logo\":{\"@type\":\"ImageObject\",\"inLanguage\":\"pt-PT\",\"@id\":\"https:\\\/\\\/acontradicao.pt\\\/#\\\/schema\\\/logo\\\/image\\\/\",\"url\":\"https:\\\/\\\/acontradicao.pt\\\/wp-content\\\/uploads\\\/2025\\\/02\\\/LogoAContradicaobranco.png\",\"contentUrl\":\"https:\\\/\\\/acontradicao.pt\\\/wp-content\\\/uploads\\\/2025\\\/02\\\/LogoAContradicaobranco.png\",\"width\":4250,\"height\":975,\"caption\":\"AContradi\u00e7\u00e3o\"},\"image\":{\"@id\":\"https:\\\/\\\/acontradicao.pt\\\/#\\\/schema\\\/logo\\\/image\\\/\"}},{\"@type\":\"Person\",\"@id\":\"https:\\\/\\\/acontradicao.pt\\\/#\\\/schema\\\/person\\\/a7083a8c01d30c8243ec95984ec69ab5\",\"name\":\"Diogo Mira\",\"image\":{\"@type\":\"ImageObject\",\"inLanguage\":\"pt-PT\",\"@id\":\"https:\\\/\\\/secure.gravatar.com\\\/avatar\\\/4c17d5e7e552c4f38012807f22f4d9bfaaa6b3916c49f9184dc3220bd480f1e6?s=96&d=mm&r=g\",\"url\":\"https:\\\/\\\/secure.gravatar.com\\\/avatar\\\/4c17d5e7e552c4f38012807f22f4d9bfaaa6b3916c49f9184dc3220bd480f1e6?s=96&d=mm&r=g\",\"contentUrl\":\"https:\\\/\\\/secure.gravatar.com\\\/avatar\\\/4c17d5e7e552c4f38012807f22f4d9bfaaa6b3916c49f9184dc3220bd480f1e6?s=96&d=mm&r=g\",\"caption\":\"Diogo Mira\"},\"description\":\"Diogo Mira \u00e9 licenciado em Rela\u00e7\u00f5es Internacionais e aficionado pela pol\u00edtica latino-americana. Curioso pelas inquietudes pol\u00edticas e viciado em fazer perguntas sem resposta. Almadense com costela alentejana, com o cante nos ouvidos desde sempre.\",\"url\":\"https:\\\/\\\/acontradicao.pt\\\/?author=3\"}]}<\/script>\n<!-- \/ Yoast SEO plugin. -->","yoast_head_json":{"title":"Notas sobre imperialismo - AContradi\u00e7\u00e3o","description":"Para compreender a ess\u00eancia do imperialismo, importa questionar a raiz das desigualdades globais: porque coexistem na\u00e7\u00f5es extremamente ricas com outras mergulhadas na mis\u00e9ria?","robots":{"index":"index","follow":"follow","max-snippet":"max-snippet:-1","max-image-preview":"max-image-preview:large","max-video-preview":"max-video-preview:-1"},"canonical":"https:\/\/acontradicao.pt\/?p=361","og_locale":"pt_PT","og_type":"article","og_title":"Notas sobre imperialismo - AContradi\u00e7\u00e3o","og_description":"Para compreender a ess\u00eancia do imperialismo, importa questionar a raiz das desigualdades globais: porque coexistem na\u00e7\u00f5es extremamente ricas com outras mergulhadas na mis\u00e9ria?","og_url":"https:\/\/acontradicao.pt\/?p=361","og_site_name":"AContradi\u00e7\u00e3o","article_published_time":"2025-03-25T17:21:24+00:00","article_modified_time":"2025-03-25T17:21:25+00:00","og_image":[{"width":1840,"height":790,"url":"https:\/\/acontradicao.pt\/wp-content\/uploads\/2025\/03\/imperio.jpg","type":"image\/jpeg"}],"author":"Diogo Mira","twitter_card":"summary_large_image","twitter_misc":{"Escrito por":"Diogo Mira","Tempo estimado de leitura":"7 minutos"},"schema":{"@context":"https:\/\/schema.org","@graph":[{"@type":"Article","@id":"https:\/\/acontradicao.pt\/?p=361#article","isPartOf":{"@id":"https:\/\/acontradicao.pt\/?p=361"},"author":{"name":"Diogo Mira","@id":"https:\/\/acontradicao.pt\/#\/schema\/person\/a7083a8c01d30c8243ec95984ec69ab5"},"headline":"Notas sobre imperialismo","datePublished":"2025-03-25T17:21:24+00:00","dateModified":"2025-03-25T17:21:25+00:00","mainEntityOfPage":{"@id":"https:\/\/acontradicao.pt\/?p=361"},"wordCount":1297,"commentCount":0,"publisher":{"@id":"https:\/\/acontradicao.pt\/#organization"},"image":{"@id":"https:\/\/acontradicao.pt\/?p=361#primaryimage"},"thumbnailUrl":"https:\/\/acontradicao.pt\/wp-content\/uploads\/2025\/03\/imperio.jpg","articleSection":["Uncategorized"],"inLanguage":"pt-PT","potentialAction":[{"@type":"CommentAction","name":"Comment","target":["https:\/\/acontradicao.pt\/?p=361#respond"]}]},{"@type":"WebPage","@id":"https:\/\/acontradicao.pt\/?p=361","url":"https:\/\/acontradicao.pt\/?p=361","name":"Notas sobre imperialismo - AContradi\u00e7\u00e3o","isPartOf":{"@id":"https:\/\/acontradicao.pt\/#website"},"primaryImageOfPage":{"@id":"https:\/\/acontradicao.pt\/?p=361#primaryimage"},"image":{"@id":"https:\/\/acontradicao.pt\/?p=361#primaryimage"},"thumbnailUrl":"https:\/\/acontradicao.pt\/wp-content\/uploads\/2025\/03\/imperio.jpg","datePublished":"2025-03-25T17:21:24+00:00","dateModified":"2025-03-25T17:21:25+00:00","description":"Para compreender a ess\u00eancia do imperialismo, importa questionar a raiz das desigualdades globais: porque coexistem na\u00e7\u00f5es extremamente ricas com outras mergulhadas na mis\u00e9ria?","breadcrumb":{"@id":"https:\/\/acontradicao.pt\/?p=361#breadcrumb"},"inLanguage":"pt-PT","potentialAction":[{"@type":"ReadAction","target":["https:\/\/acontradicao.pt\/?p=361"]}]},{"@type":"ImageObject","inLanguage":"pt-PT","@id":"https:\/\/acontradicao.pt\/?p=361#primaryimage","url":"https:\/\/acontradicao.pt\/wp-content\/uploads\/2025\/03\/imperio.jpg","contentUrl":"https:\/\/acontradicao.pt\/wp-content\/uploads\/2025\/03\/imperio.jpg","width":1840,"height":790},{"@type":"BreadcrumbList","@id":"https:\/\/acontradicao.pt\/?p=361#breadcrumb","itemListElement":[{"@type":"ListItem","position":1,"name":"Home","item":"https:\/\/acontradicao.pt\/"},{"@type":"ListItem","position":2,"name":"Notas sobre imperialismo"}]},{"@type":"WebSite","@id":"https:\/\/acontradicao.pt\/#website","url":"https:\/\/acontradicao.pt\/","name":"AContradi\u00e7\u00e3o","description":"","publisher":{"@id":"https:\/\/acontradicao.pt\/#organization"},"potentialAction":[{"@type":"SearchAction","target":{"@type":"EntryPoint","urlTemplate":"https:\/\/acontradicao.pt\/?s={search_term_string}"},"query-input":{"@type":"PropertyValueSpecification","valueRequired":true,"valueName":"search_term_string"}}],"inLanguage":"pt-PT"},{"@type":"Organization","@id":"https:\/\/acontradicao.pt\/#organization","name":"AContradi\u00e7\u00e3o","url":"https:\/\/acontradicao.pt\/","logo":{"@type":"ImageObject","inLanguage":"pt-PT","@id":"https:\/\/acontradicao.pt\/#\/schema\/logo\/image\/","url":"https:\/\/acontradicao.pt\/wp-content\/uploads\/2025\/02\/LogoAContradicaobranco.png","contentUrl":"https:\/\/acontradicao.pt\/wp-content\/uploads\/2025\/02\/LogoAContradicaobranco.png","width":4250,"height":975,"caption":"AContradi\u00e7\u00e3o"},"image":{"@id":"https:\/\/acontradicao.pt\/#\/schema\/logo\/image\/"}},{"@type":"Person","@id":"https:\/\/acontradicao.pt\/#\/schema\/person\/a7083a8c01d30c8243ec95984ec69ab5","name":"Diogo Mira","image":{"@type":"ImageObject","inLanguage":"pt-PT","@id":"https:\/\/secure.gravatar.com\/avatar\/4c17d5e7e552c4f38012807f22f4d9bfaaa6b3916c49f9184dc3220bd480f1e6?s=96&d=mm&r=g","url":"https:\/\/secure.gravatar.com\/avatar\/4c17d5e7e552c4f38012807f22f4d9bfaaa6b3916c49f9184dc3220bd480f1e6?s=96&d=mm&r=g","contentUrl":"https:\/\/secure.gravatar.com\/avatar\/4c17d5e7e552c4f38012807f22f4d9bfaaa6b3916c49f9184dc3220bd480f1e6?s=96&d=mm&r=g","caption":"Diogo Mira"},"description":"Diogo Mira \u00e9 licenciado em Rela\u00e7\u00f5es Internacionais e aficionado pela pol\u00edtica latino-americana. Curioso pelas inquietudes pol\u00edticas e viciado em fazer perguntas sem resposta. Almadense com costela alentejana, com o cante nos ouvidos desde sempre.","url":"https:\/\/acontradicao.pt\/?author=3"}]}},"jetpack_featured_media_url":"https:\/\/acontradicao.pt\/wp-content\/uploads\/2025\/03\/imperio.jpg","_links":{"self":[{"href":"https:\/\/acontradicao.pt\/index.php?rest_route=\/wp\/v2\/posts\/361","targetHints":{"allow":["GET"]}}],"collection":[{"href":"https:\/\/acontradicao.pt\/index.php?rest_route=\/wp\/v2\/posts"}],"about":[{"href":"https:\/\/acontradicao.pt\/index.php?rest_route=\/wp\/v2\/types\/post"}],"author":[{"embeddable":true,"href":"https:\/\/acontradicao.pt\/index.php?rest_route=\/wp\/v2\/users\/3"}],"replies":[{"embeddable":true,"href":"https:\/\/acontradicao.pt\/index.php?rest_route=%2Fwp%2Fv2%2Fcomments&post=361"}],"version-history":[{"count":1,"href":"https:\/\/acontradicao.pt\/index.php?rest_route=\/wp\/v2\/posts\/361\/revisions"}],"predecessor-version":[{"id":363,"href":"https:\/\/acontradicao.pt\/index.php?rest_route=\/wp\/v2\/posts\/361\/revisions\/363"}],"wp:featuredmedia":[{"embeddable":true,"href":"https:\/\/acontradicao.pt\/index.php?rest_route=\/wp\/v2\/media\/362"}],"wp:attachment":[{"href":"https:\/\/acontradicao.pt\/index.php?rest_route=%2Fwp%2Fv2%2Fmedia&parent=361"}],"wp:term":[{"taxonomy":"category","embeddable":true,"href":"https:\/\/acontradicao.pt\/index.php?rest_route=%2Fwp%2Fv2%2Fcategories&post=361"},{"taxonomy":"post_tag","embeddable":true,"href":"https:\/\/acontradicao.pt\/index.php?rest_route=%2Fwp%2Fv2%2Ftags&post=361"}],"curies":[{"name":"wp","href":"https:\/\/api.w.org\/{rel}","templated":true}]}}