{"id":351,"date":"2025-03-17T18:24:02","date_gmt":"2025-03-17T18:24:02","guid":{"rendered":"https:\/\/acontradicao.pt\/?p=351"},"modified":"2025-03-17T18:24:03","modified_gmt":"2025-03-17T18:24:03","slug":"a-nato-para-que","status":"publish","type":"post","link":"https:\/\/acontradicao.pt\/?p=351","title":{"rendered":"A NATO para qu\u00ea?"},"content":{"rendered":"\n<p>1- Donald Trump deu um tiro fatal na NATO. Para al\u00e9m de v\u00e1rias atitudes de menosprezo pelos parceiros europeus, o presidente norte-americano declarou que n\u00e3o vai respeitar o artigo 5\u00ba do Tratado do Atl\u00e2ntico Norte. Perante o p\u00fablico do planeta, disse n\u00e3o acreditar que a Europa, mesmo s\u00f3 a Fran\u00e7a, auxiliassem os EUA em caso de agress\u00e3o \u00e0 superpot\u00eancia americana. Isso justificaria a sua neutralidade em auxiliar a Europa face a ataques vindos das suas fronteiras leste ou sul. De imediato, sentiu-se a orfandade das elites liberais ao leme da Uni\u00e3o Europeia. Mais grave ainda, Trump e o seu dileto espavento Elon Musk sustentam abertamente a extrema-direita europeia contra as elites liberais. Ainda muito mais grave, Trump faz neg\u00f3cios pol\u00edticos e econ\u00f3micos diretamente com Putin, inimigo declarado da Europa liberal, desconhecendo Londres, Bruxelas, ou qualquer capital europeia, salvo Budapeste do seu amigo Orban.<\/p>\n\n\n\n<p>2- Uma alian\u00e7a militar sem entreajuda militar n\u00e3o existe. Perguntamo-nos ent\u00e3o sobre a continuidade da NATO enquanto organiza\u00e7\u00e3o. Resulta claro que a Casa Branca quer uma separa\u00e7\u00e3o sem div\u00f3rcio. A NATO d\u00e1 jeito aos EUA para a prote\u00e7\u00e3o das suas bases militares estacionadas na Europa, para pressionar a compra de armamento americano atrav\u00e9s das estruturas de comando conjuntas, e tamb\u00e9m para subir a parada de impor aos europeus protecionismo tecnol\u00f3gico face \u00e0 China. Para Londres, Paris e Berlim foi-se a ilus\u00e3o de que disporiam do chap\u00e9u nuclear americano. E agora est\u00e3o entre a ilus\u00e3o de que o afastamento dos EUA seja tempor\u00e1rio e o receio de repres\u00e1lias dos EUA se a Europa consumasse um div\u00f3rcio de facto. Na d\u00favida entre as duas atitudes querem armar a Europa ocidental como nunca na hist\u00f3ria.<\/p>\n\n\n\n<p>3- Esse Plano chamado de Rearmamento Europeu \u00e9 a decis\u00e3o mais estrat\u00e9gica da UE desde a cria\u00e7\u00e3o da moeda \u00fanica. O nome n\u00e3o \u00e9 inocente, pretende fazer crer que a Europa est\u00e1 desarmada ou que n\u00e3o passa de um &#8220;an\u00e3o militar&#8221;, no jarg\u00e3o de Bruxelas. N\u00e3o \u00e9 verdade, os Estados europeus da NATO j\u00e1 gastam em despesas militares 1,5&nbsp; vezes mais do que a R\u00fassia. Mesmo que numa ou noutra capacidade militar possa haver desequil\u00edbrio de equipamentos que j\u00e1 est\u00e3o ao n\u00edvel da destrui\u00e7\u00e3o m\u00fatua, o arsenal desses Estados europeus \u00e9 mais do que convincente para a sua seguran\u00e7a e para alguma forma de coopera\u00e7\u00e3o entre si. Este Plano de 800 mil milh\u00f5es de euros, obtidos a partir do endividamento dos Estados-membros, era precisamente a verba necess\u00e1ria para financiar a transi\u00e7\u00e3o energ\u00e9tica e os empregos e casas verdes.<\/p>\n\n\n\n<p>4- O Diret\u00f3rio Europeu quer fazer das despesas militares, que n\u00e3o contam para limites de d\u00e9fice nem de d\u00edvida, a alavanca para uma grande interven\u00e7\u00e3o do Estado na economia, puxar o capital privado para beneficiar da opera\u00e7\u00e3o, e tentar sair da estagna\u00e7\u00e3o econ\u00f3mica. N\u00e3o quiseram a economia da Paz e do Ambiente mas instalam uma economia de guerra. H\u00e1 pouco tempo, o almirante Gouveia e Melo dizia que era preciso morrer pela NATO se fosse preciso e que &#8220;n\u00e3o h\u00e1 manteiga sem canh\u00f5es&#8221;. Por aqui se v\u00ea o programa destes supranumer\u00e1rios da NATO. O lema \u00e9 cortar no estado social para comprar armas.Macron em Fran\u00e7a e Merz na Alemanha assumiram claramente que far\u00e3o cortes nos servi\u00e7os p\u00fablicos para encaminhar os or\u00e7amentos militares.<\/p>\n\n\n\n<p>5- Fugir a esta espiral do militarismo obriga a uma posi\u00e7\u00e3o de rutura com a NATO que \u00e9 o cancro do belicismo. Hoje \u00e9 muito mais claro para os europeus que a NATO n\u00e3o lhes serve de prote\u00e7\u00e3o como quando foi a invas\u00e3o russa da Ucr\u00e2nia. Estados Unidos que partilham e saqueiam a Ucr\u00e2nia a meias com a R\u00fassia. Os Estados Unidos amea\u00e7am a Dinamarca que lhes fica com a Gronel\u00e2ndia. Os Estados Unidos amea\u00e7am outro membro da Nato de anexa\u00e7\u00e3o: o Canad\u00e1.<\/p>\n\n\n\n<p>A NATO confirma o que sempre foi, agora em modo de naufr\u00e1gio, uma m\u00e1quina de guerra ao servi\u00e7o dos EUA. Os povos t\u00eam tudo a ganhar impondo um real div\u00f3rcio face \u00e0 NATO. N\u00f3s portugueses, teremos sempre de lembrar que a NATO apoiou o salazarismo e amea\u00e7ou a democracia em 1975. A n\u00f3s portugueses, n\u00e3o basta sair da NATO, teremos de recuperar a base das Lajes para a soberania nacional. A NATO para qu\u00ea?<\/p>\n","protected":false},"excerpt":{"rendered":"<p>1- Donald Trump deu um tiro fatal na NATO. Para al\u00e9m de v\u00e1rias atitudes de menosprezo pelos parceiros europeus, o presidente norte-americano declarou que n\u00e3o vai respeitar o artigo 5\u00ba do Tratado do Atl\u00e2ntico Norte. Perante o p\u00fablico do planeta, disse n\u00e3o acreditar que a Europa, mesmo s\u00f3 a Fran\u00e7a, auxiliassem os EUA em caso [&hellip;]<\/p>\n","protected":false},"author":15,"featured_media":358,"comment_status":"open","ping_status":"open","sticky":false,"template":"","format":"standard","meta":{"_acf_changed":false,"footnotes":""},"categories":[1],"tags":[],"class_list":["post-351","post","type-post","status-publish","format-standard","has-post-thumbnail","hentry","category-uncategorized"],"acf":[],"yoast_head":"<!-- This site is optimized with the Yoast SEO plugin v27.5 - https:\/\/yoast.com\/product\/yoast-seo-wordpress\/ -->\n<title>A NATO para qu\u00ea? - AContradi\u00e7\u00e3o<\/title>\n<meta name=\"description\" content=\"Donald Trump deu um tiro fatal na NATO.\" \/>\n<meta name=\"robots\" content=\"index, follow, max-snippet:-1, max-image-preview:large, max-video-preview:-1\" \/>\n<link rel=\"canonical\" href=\"https:\/\/acontradicao.pt\/?p=351\" \/>\n<meta property=\"og:locale\" content=\"pt_PT\" \/>\n<meta property=\"og:type\" content=\"article\" \/>\n<meta property=\"og:title\" content=\"A NATO para qu\u00ea? - AContradi\u00e7\u00e3o\" \/>\n<meta property=\"og:description\" content=\"Donald Trump deu um tiro fatal na NATO.\" \/>\n<meta property=\"og:url\" content=\"https:\/\/acontradicao.pt\/?p=351\" \/>\n<meta property=\"og:site_name\" content=\"AContradi\u00e7\u00e3o\" \/>\n<meta property=\"article:published_time\" content=\"2025-03-17T18:24:02+00:00\" \/>\n<meta property=\"article:modified_time\" content=\"2025-03-17T18:24:03+00:00\" \/>\n<meta property=\"og:image\" content=\"https:\/\/acontradicao.pt\/wp-content\/uploads\/2025\/03\/eua_300cmyk_opt.jpeg\" \/>\n\t<meta property=\"og:image:width\" content=\"1181\" \/>\n\t<meta property=\"og:image:height\" content=\"665\" \/>\n\t<meta property=\"og:image:type\" content=\"image\/jpeg\" \/>\n<meta name=\"author\" content=\"Lu\u00eds Fazenda\" \/>\n<meta name=\"twitter:card\" content=\"summary_large_image\" \/>\n<meta name=\"twitter:label1\" content=\"Escrito por\" \/>\n\t<meta name=\"twitter:data1\" content=\"Lu\u00eds Fazenda\" \/>\n\t<meta name=\"twitter:label2\" content=\"Tempo estimado de leitura\" \/>\n\t<meta name=\"twitter:data2\" content=\"5 minutos\" \/>\n<script type=\"application\/ld+json\" class=\"yoast-schema-graph\">{\"@context\":\"https:\\\/\\\/schema.org\",\"@graph\":[{\"@type\":\"Article\",\"@id\":\"https:\\\/\\\/acontradicao.pt\\\/?p=351#article\",\"isPartOf\":{\"@id\":\"https:\\\/\\\/acontradicao.pt\\\/?p=351\"},\"author\":{\"name\":\"Lu\u00eds Fazenda\",\"@id\":\"https:\\\/\\\/acontradicao.pt\\\/#\\\/schema\\\/person\\\/2df02fe3cc6547b8c9f0e9933c10c3b0\"},\"headline\":\"A NATO para qu\u00ea?\",\"datePublished\":\"2025-03-17T18:24:02+00:00\",\"dateModified\":\"2025-03-17T18:24:03+00:00\",\"mainEntityOfPage\":{\"@id\":\"https:\\\/\\\/acontradicao.pt\\\/?p=351\"},\"wordCount\":773,\"commentCount\":0,\"publisher\":{\"@id\":\"https:\\\/\\\/acontradicao.pt\\\/#organization\"},\"image\":{\"@id\":\"https:\\\/\\\/acontradicao.pt\\\/?p=351#primaryimage\"},\"thumbnailUrl\":\"https:\\\/\\\/acontradicao.pt\\\/wp-content\\\/uploads\\\/2025\\\/03\\\/eua_300cmyk_opt.jpeg\",\"articleSection\":[\"Uncategorized\"],\"inLanguage\":\"pt-PT\",\"potentialAction\":[{\"@type\":\"CommentAction\",\"name\":\"Comment\",\"target\":[\"https:\\\/\\\/acontradicao.pt\\\/?p=351#respond\"]}]},{\"@type\":\"WebPage\",\"@id\":\"https:\\\/\\\/acontradicao.pt\\\/?p=351\",\"url\":\"https:\\\/\\\/acontradicao.pt\\\/?p=351\",\"name\":\"A NATO para qu\u00ea? - AContradi\u00e7\u00e3o\",\"isPartOf\":{\"@id\":\"https:\\\/\\\/acontradicao.pt\\\/#website\"},\"primaryImageOfPage\":{\"@id\":\"https:\\\/\\\/acontradicao.pt\\\/?p=351#primaryimage\"},\"image\":{\"@id\":\"https:\\\/\\\/acontradicao.pt\\\/?p=351#primaryimage\"},\"thumbnailUrl\":\"https:\\\/\\\/acontradicao.pt\\\/wp-content\\\/uploads\\\/2025\\\/03\\\/eua_300cmyk_opt.jpeg\",\"datePublished\":\"2025-03-17T18:24:02+00:00\",\"dateModified\":\"2025-03-17T18:24:03+00:00\",\"description\":\"Donald Trump deu um tiro fatal na NATO.\",\"breadcrumb\":{\"@id\":\"https:\\\/\\\/acontradicao.pt\\\/?p=351#breadcrumb\"},\"inLanguage\":\"pt-PT\",\"potentialAction\":[{\"@type\":\"ReadAction\",\"target\":[\"https:\\\/\\\/acontradicao.pt\\\/?p=351\"]}]},{\"@type\":\"ImageObject\",\"inLanguage\":\"pt-PT\",\"@id\":\"https:\\\/\\\/acontradicao.pt\\\/?p=351#primaryimage\",\"url\":\"https:\\\/\\\/acontradicao.pt\\\/wp-content\\\/uploads\\\/2025\\\/03\\\/eua_300cmyk_opt.jpeg\",\"contentUrl\":\"https:\\\/\\\/acontradicao.pt\\\/wp-content\\\/uploads\\\/2025\\\/03\\\/eua_300cmyk_opt.jpeg\",\"width\":1181,\"height\":665},{\"@type\":\"BreadcrumbList\",\"@id\":\"https:\\\/\\\/acontradicao.pt\\\/?p=351#breadcrumb\",\"itemListElement\":[{\"@type\":\"ListItem\",\"position\":1,\"name\":\"Home\",\"item\":\"https:\\\/\\\/acontradicao.pt\\\/\"},{\"@type\":\"ListItem\",\"position\":2,\"name\":\"A NATO para qu\u00ea?\"}]},{\"@type\":\"WebSite\",\"@id\":\"https:\\\/\\\/acontradicao.pt\\\/#website\",\"url\":\"https:\\\/\\\/acontradicao.pt\\\/\",\"name\":\"AContradi\u00e7\u00e3o\",\"description\":\"\",\"publisher\":{\"@id\":\"https:\\\/\\\/acontradicao.pt\\\/#organization\"},\"potentialAction\":[{\"@type\":\"SearchAction\",\"target\":{\"@type\":\"EntryPoint\",\"urlTemplate\":\"https:\\\/\\\/acontradicao.pt\\\/?s={search_term_string}\"},\"query-input\":{\"@type\":\"PropertyValueSpecification\",\"valueRequired\":true,\"valueName\":\"search_term_string\"}}],\"inLanguage\":\"pt-PT\"},{\"@type\":\"Organization\",\"@id\":\"https:\\\/\\\/acontradicao.pt\\\/#organization\",\"name\":\"AContradi\u00e7\u00e3o\",\"url\":\"https:\\\/\\\/acontradicao.pt\\\/\",\"logo\":{\"@type\":\"ImageObject\",\"inLanguage\":\"pt-PT\",\"@id\":\"https:\\\/\\\/acontradicao.pt\\\/#\\\/schema\\\/logo\\\/image\\\/\",\"url\":\"https:\\\/\\\/acontradicao.pt\\\/wp-content\\\/uploads\\\/2025\\\/02\\\/LogoAContradicaobranco.png\",\"contentUrl\":\"https:\\\/\\\/acontradicao.pt\\\/wp-content\\\/uploads\\\/2025\\\/02\\\/LogoAContradicaobranco.png\",\"width\":4250,\"height\":975,\"caption\":\"AContradi\u00e7\u00e3o\"},\"image\":{\"@id\":\"https:\\\/\\\/acontradicao.pt\\\/#\\\/schema\\\/logo\\\/image\\\/\"}},{\"@type\":\"Person\",\"@id\":\"https:\\\/\\\/acontradicao.pt\\\/#\\\/schema\\\/person\\\/2df02fe3cc6547b8c9f0e9933c10c3b0\",\"name\":\"Lu\u00eds Fazenda\",\"image\":{\"@type\":\"ImageObject\",\"inLanguage\":\"pt-PT\",\"@id\":\"https:\\\/\\\/secure.gravatar.com\\\/avatar\\\/8a8bcafe49e3ebfe668915023549508d038b3c9a8548f27e41ac1b52dba0f44a?s=96&d=mm&r=g\",\"url\":\"https:\\\/\\\/secure.gravatar.com\\\/avatar\\\/8a8bcafe49e3ebfe668915023549508d038b3c9a8548f27e41ac1b52dba0f44a?s=96&d=mm&r=g\",\"contentUrl\":\"https:\\\/\\\/secure.gravatar.com\\\/avatar\\\/8a8bcafe49e3ebfe668915023549508d038b3c9a8548f27e41ac1b52dba0f44a?s=96&d=mm&r=g\",\"caption\":\"Lu\u00eds Fazenda\"},\"description\":\"Lu\u00eds Fazenda andou pelo sindicalismo, passou por assembleias municipais e pelo parlamento em busca da justi\u00e7a que falta. N\u00e3o tem jeito para fazer piadas.\",\"url\":\"https:\\\/\\\/acontradicao.pt\\\/?author=15\"}]}<\/script>\n<!-- \/ Yoast SEO plugin. -->","yoast_head_json":{"title":"A NATO para qu\u00ea? - AContradi\u00e7\u00e3o","description":"Donald Trump deu um tiro fatal na NATO.","robots":{"index":"index","follow":"follow","max-snippet":"max-snippet:-1","max-image-preview":"max-image-preview:large","max-video-preview":"max-video-preview:-1"},"canonical":"https:\/\/acontradicao.pt\/?p=351","og_locale":"pt_PT","og_type":"article","og_title":"A NATO para qu\u00ea? - AContradi\u00e7\u00e3o","og_description":"Donald Trump deu um tiro fatal na NATO.","og_url":"https:\/\/acontradicao.pt\/?p=351","og_site_name":"AContradi\u00e7\u00e3o","article_published_time":"2025-03-17T18:24:02+00:00","article_modified_time":"2025-03-17T18:24:03+00:00","og_image":[{"width":1181,"height":665,"url":"https:\/\/acontradicao.pt\/wp-content\/uploads\/2025\/03\/eua_300cmyk_opt.jpeg","type":"image\/jpeg"}],"author":"Lu\u00eds Fazenda","twitter_card":"summary_large_image","twitter_misc":{"Escrito por":"Lu\u00eds Fazenda","Tempo estimado de leitura":"5 minutos"},"schema":{"@context":"https:\/\/schema.org","@graph":[{"@type":"Article","@id":"https:\/\/acontradicao.pt\/?p=351#article","isPartOf":{"@id":"https:\/\/acontradicao.pt\/?p=351"},"author":{"name":"Lu\u00eds Fazenda","@id":"https:\/\/acontradicao.pt\/#\/schema\/person\/2df02fe3cc6547b8c9f0e9933c10c3b0"},"headline":"A NATO para qu\u00ea?","datePublished":"2025-03-17T18:24:02+00:00","dateModified":"2025-03-17T18:24:03+00:00","mainEntityOfPage":{"@id":"https:\/\/acontradicao.pt\/?p=351"},"wordCount":773,"commentCount":0,"publisher":{"@id":"https:\/\/acontradicao.pt\/#organization"},"image":{"@id":"https:\/\/acontradicao.pt\/?p=351#primaryimage"},"thumbnailUrl":"https:\/\/acontradicao.pt\/wp-content\/uploads\/2025\/03\/eua_300cmyk_opt.jpeg","articleSection":["Uncategorized"],"inLanguage":"pt-PT","potentialAction":[{"@type":"CommentAction","name":"Comment","target":["https:\/\/acontradicao.pt\/?p=351#respond"]}]},{"@type":"WebPage","@id":"https:\/\/acontradicao.pt\/?p=351","url":"https:\/\/acontradicao.pt\/?p=351","name":"A NATO para qu\u00ea? - AContradi\u00e7\u00e3o","isPartOf":{"@id":"https:\/\/acontradicao.pt\/#website"},"primaryImageOfPage":{"@id":"https:\/\/acontradicao.pt\/?p=351#primaryimage"},"image":{"@id":"https:\/\/acontradicao.pt\/?p=351#primaryimage"},"thumbnailUrl":"https:\/\/acontradicao.pt\/wp-content\/uploads\/2025\/03\/eua_300cmyk_opt.jpeg","datePublished":"2025-03-17T18:24:02+00:00","dateModified":"2025-03-17T18:24:03+00:00","description":"Donald Trump deu um tiro fatal na NATO.","breadcrumb":{"@id":"https:\/\/acontradicao.pt\/?p=351#breadcrumb"},"inLanguage":"pt-PT","potentialAction":[{"@type":"ReadAction","target":["https:\/\/acontradicao.pt\/?p=351"]}]},{"@type":"ImageObject","inLanguage":"pt-PT","@id":"https:\/\/acontradicao.pt\/?p=351#primaryimage","url":"https:\/\/acontradicao.pt\/wp-content\/uploads\/2025\/03\/eua_300cmyk_opt.jpeg","contentUrl":"https:\/\/acontradicao.pt\/wp-content\/uploads\/2025\/03\/eua_300cmyk_opt.jpeg","width":1181,"height":665},{"@type":"BreadcrumbList","@id":"https:\/\/acontradicao.pt\/?p=351#breadcrumb","itemListElement":[{"@type":"ListItem","position":1,"name":"Home","item":"https:\/\/acontradicao.pt\/"},{"@type":"ListItem","position":2,"name":"A NATO para qu\u00ea?"}]},{"@type":"WebSite","@id":"https:\/\/acontradicao.pt\/#website","url":"https:\/\/acontradicao.pt\/","name":"AContradi\u00e7\u00e3o","description":"","publisher":{"@id":"https:\/\/acontradicao.pt\/#organization"},"potentialAction":[{"@type":"SearchAction","target":{"@type":"EntryPoint","urlTemplate":"https:\/\/acontradicao.pt\/?s={search_term_string}"},"query-input":{"@type":"PropertyValueSpecification","valueRequired":true,"valueName":"search_term_string"}}],"inLanguage":"pt-PT"},{"@type":"Organization","@id":"https:\/\/acontradicao.pt\/#organization","name":"AContradi\u00e7\u00e3o","url":"https:\/\/acontradicao.pt\/","logo":{"@type":"ImageObject","inLanguage":"pt-PT","@id":"https:\/\/acontradicao.pt\/#\/schema\/logo\/image\/","url":"https:\/\/acontradicao.pt\/wp-content\/uploads\/2025\/02\/LogoAContradicaobranco.png","contentUrl":"https:\/\/acontradicao.pt\/wp-content\/uploads\/2025\/02\/LogoAContradicaobranco.png","width":4250,"height":975,"caption":"AContradi\u00e7\u00e3o"},"image":{"@id":"https:\/\/acontradicao.pt\/#\/schema\/logo\/image\/"}},{"@type":"Person","@id":"https:\/\/acontradicao.pt\/#\/schema\/person\/2df02fe3cc6547b8c9f0e9933c10c3b0","name":"Lu\u00eds Fazenda","image":{"@type":"ImageObject","inLanguage":"pt-PT","@id":"https:\/\/secure.gravatar.com\/avatar\/8a8bcafe49e3ebfe668915023549508d038b3c9a8548f27e41ac1b52dba0f44a?s=96&d=mm&r=g","url":"https:\/\/secure.gravatar.com\/avatar\/8a8bcafe49e3ebfe668915023549508d038b3c9a8548f27e41ac1b52dba0f44a?s=96&d=mm&r=g","contentUrl":"https:\/\/secure.gravatar.com\/avatar\/8a8bcafe49e3ebfe668915023549508d038b3c9a8548f27e41ac1b52dba0f44a?s=96&d=mm&r=g","caption":"Lu\u00eds Fazenda"},"description":"Lu\u00eds Fazenda andou pelo sindicalismo, passou por assembleias municipais e pelo parlamento em busca da justi\u00e7a que falta. N\u00e3o tem jeito para fazer piadas.","url":"https:\/\/acontradicao.pt\/?author=15"}]}},"jetpack_featured_media_url":"https:\/\/acontradicao.pt\/wp-content\/uploads\/2025\/03\/eua_300cmyk_opt.jpeg","_links":{"self":[{"href":"https:\/\/acontradicao.pt\/index.php?rest_route=\/wp\/v2\/posts\/351","targetHints":{"allow":["GET"]}}],"collection":[{"href":"https:\/\/acontradicao.pt\/index.php?rest_route=\/wp\/v2\/posts"}],"about":[{"href":"https:\/\/acontradicao.pt\/index.php?rest_route=\/wp\/v2\/types\/post"}],"author":[{"embeddable":true,"href":"https:\/\/acontradicao.pt\/index.php?rest_route=\/wp\/v2\/users\/15"}],"replies":[{"embeddable":true,"href":"https:\/\/acontradicao.pt\/index.php?rest_route=%2Fwp%2Fv2%2Fcomments&post=351"}],"version-history":[{"count":1,"href":"https:\/\/acontradicao.pt\/index.php?rest_route=\/wp\/v2\/posts\/351\/revisions"}],"predecessor-version":[{"id":359,"href":"https:\/\/acontradicao.pt\/index.php?rest_route=\/wp\/v2\/posts\/351\/revisions\/359"}],"wp:featuredmedia":[{"embeddable":true,"href":"https:\/\/acontradicao.pt\/index.php?rest_route=\/wp\/v2\/media\/358"}],"wp:attachment":[{"href":"https:\/\/acontradicao.pt\/index.php?rest_route=%2Fwp%2Fv2%2Fmedia&parent=351"}],"wp:term":[{"taxonomy":"category","embeddable":true,"href":"https:\/\/acontradicao.pt\/index.php?rest_route=%2Fwp%2Fv2%2Fcategories&post=351"},{"taxonomy":"post_tag","embeddable":true,"href":"https:\/\/acontradicao.pt\/index.php?rest_route=%2Fwp%2Fv2%2Ftags&post=351"}],"curies":[{"name":"wp","href":"https:\/\/api.w.org\/{rel}","templated":true}]}}