{"id":222,"date":"2025-02-17T15:51:26","date_gmt":"2025-02-17T15:51:26","guid":{"rendered":"https:\/\/acontradicao.pt\/?p=222"},"modified":"2025-02-17T20:03:15","modified_gmt":"2025-02-17T20:03:15","slug":"grandes-poderes-grandes-devaneios","status":"publish","type":"post","link":"https:\/\/acontradicao.pt\/?p=222","title":{"rendered":"Grandes poderes e grandes devaneios"},"content":{"rendered":"\n<p class=\"has-small-font-size\">\u00a9Alamy<\/p>\n\n\n\n<p>A m\u00e1xima &#8220;com grandes poderes v\u00eam grandes responsabilidades&#8221; tornou-se um chav\u00e3o universal, mas, quando aplicada a Donald Trump, parece ter sofrido uma metamorfose peculiar: com grandes poderes v\u00eam grandes devaneios. Se h\u00e1 algo que a hist\u00f3ria recente nos ensinou \u00e9 que Trump governa como vive \u2013 \u00e0 base do impulso, da provoca\u00e7\u00e3o e da certeza de que a controv\u00e9rsia \u00e9, em si mesma, uma estrat\u00e9gia pol\u00edtica.<\/p>\n\n\n\n<p>Antes mesmo de tomar posse para o seu segundo mandato, a 20 de janeiro de 2025, j\u00e1 o mundo previa uma presid\u00eancia tumultuosa. A rela\u00e7\u00e3o entre os Estados Unidos e a Am\u00e9rica Latina, historicamente marcada por um jogo amb\u00edguo entre prote\u00e7\u00e3o e dom\u00ednio, voltou a sofrer abalos s\u00edsmicos. Se a Doutrina Monroe, em 1823, proclamava &#8220;a Am\u00e9rica para os americanos&#8221;, na pr\u00e1tica, traduziu-se numa inger\u00eancia constante do gigante do Norte nos destinos do continente. Trump, com a sua ret\u00f3rica belicista e uma pol\u00edtica externa mais baseada na imposi\u00e7\u00e3o do que na coopera\u00e7\u00e3o, reavivou velhos ressentimentos.<\/p>\n\n\n\n<p>Desde a campanha eleitoral que Trump encontrou, nos imigrantes, um bode expiat\u00f3rio conveniente. O seu discurso, recheado de insinua\u00e7\u00f5es xen\u00f3fobas e teorias infundadas, atingiu o c\u00famulo quando acusou, sem qualquer base factual, migrantes haitianos de &#8220;roubarem e comerem animais dom\u00e9sticos&#8221;<a href=\"#_ftn1\" id=\"_ftnref1\"><sup>[1]<\/sup><\/a> em Springfield, Ohio. O exagero grotesco n\u00e3o \u00e9 uma novidade na sua ret\u00f3rica, mas, desta vez, a transi\u00e7\u00e3o do discurso para a a\u00e7\u00e3o foi r\u00e1pida. A sua primeira semana no cargo ficou marcada por opera\u00e7\u00f5es agressivas de deporta\u00e7\u00e3o, desencadeando uma crise diplom\u00e1tica com a Col\u00f4mbia. Gustavo Petro, presidente colombiano, recusou a aterragem de voos com deportados algemados, provocando um frenesi trumpista e amea\u00e7as de san\u00e7\u00f5es tarif\u00e1rias. O impasse foi resolvido com uma promessa de &#8220;repatria\u00e7\u00e3o digna&#8221;, mas n\u00e3o sem um espet\u00e1culo de provoca\u00e7\u00f5es entre os chefes de Estado nas redes sociais.<\/p>\n\n\n\n<p>No entanto, Trump n\u00e3o se limitou \u00e0 Col\u00f4mbia. O M\u00e9xico, parceiro estrat\u00e9gico e vizinho direto, foi alvo de novas amea\u00e7as. Al\u00e9m de declarar a imigra\u00e7\u00e3o ilegal uma &#8220;emerg\u00eancia nacional&#8221;, Trump decidiu desafiar n\u00e3o s\u00f3 a diplomacia, mas tamb\u00e9m a geografia: ainda antes da sua tomada de posse anunciou a inten\u00e7\u00e3o de renomear o Golfo do M\u00e9xico como &#8220;Golfo da Am\u00e9rica&#8221;<a href=\"#_ftn2\" id=\"_ftnref2\"><sup>[2]<\/sup><\/a>. Se a provoca\u00e7\u00e3o n\u00e3o bastasse, amea\u00e7ou ainda com tarifas de 25% sobre as importa\u00e7\u00f5es mexicanas, caso o governo de Claudia Sheinbaum n\u00e3o endurecesse as medidas contra a migra\u00e7\u00e3o ilegal e o tr\u00e1fico de drogas. A resposta mexicana foi firme: a soberania do pa\u00eds n\u00e3o seria moeda de troca.<\/p>\n\n\n\n<p>O Brasil, por sua vez, n\u00e3o escapou \u00e0s investidas trumpistas. A suspens\u00e3o do financiamento norte-americano \u00e0 Organiza\u00e7\u00e3o Internacional para as Migra\u00e7\u00f5es comprometeu a assist\u00eancia a migrantes venezuelanos no territ\u00f3rio brasileiro. Questionado sobre o futuro das rela\u00e7\u00f5es com o Brasil, Trump brindou os jornalistas com uma resposta que condensava a sua vis\u00e3o sobre a Am\u00e9rica Latina: &#8220;Eles precisam de n\u00f3s muito mais do que n\u00f3s precisamos deles. N\u00e3o precisamos deles. Eles precisam de n\u00f3s. Todos precisam de n\u00f3s.&#8221;<a href=\"#_ftn3\" id=\"_ftnref3\"><sup>[3]<\/sup><\/a> Um resumo perfeito da sua diplomacia: unilateral, arrogante e, acima de tudo, desprovida de qualquer vest\u00edgio de parceria.<\/p>\n\n\n\n<p>Perante esta ofensiva, a resposta latino-americana n\u00e3o precisa de se limitar \u00e0 indigna\u00e7\u00e3o. A ascens\u00e3o de governos progressistas na regi\u00e3o permite articular estrat\u00e9gias de resist\u00eancia coordenadas. O fortalecimento de blocos como a CELAC e o Mercosul pode reduzir a depend\u00eancia comercial da Am\u00e9rica Latina dos Estados Unidos, diversificando parcerias com pot\u00eancias como a China e a Uni\u00e3o Europeia. O Brasil, sob uma lideran\u00e7a ainda mais assertiva, pode refor\u00e7ar o protagonismo regional, promovendo um novo paradigma de coopera\u00e7\u00e3o Sul-Sul. A nacionaliza\u00e7\u00e3o de setores estrat\u00e9gicos e o investimento em cadeias produtivas regionais s\u00e3o passos fundamentais para diminuir a vulnerabilidade \u00e0s potenciais san\u00e7\u00f5es de Washington. Mais do que resistir, a Am\u00e9rica Latina pode transformar este momento numa oportunidade hist\u00f3rica para redefinir o seu papel global, afinal, o continente possui vastos recursos naturais, um mercado consumidor em crescimento e uma capacidade produtiva que pode ser impulsionada por pol\u00edticas industriais soberanas.<\/p>\n\n\n\n<p>No seu desejo incessante de redesenhar as fronteiras pol\u00edticas e consolidar a hegemonia norte-americana, Trump esquece que a Am\u00e9rica Latina n\u00e3o \u00e9 um simples tabuleiro de xadrez onde Washington faz as jogadas e os restantes acatam as regras. Ao amea\u00e7ar soberanias, impor tarifas e cortar ajudas, Trump n\u00e3o desafia apenas a geografia \u2013 desafia a dignidade de povos que, h\u00e1 s\u00e9culos, se reinventam perante adversidades.<\/p>\n\n\n\n<hr class=\"wp-block-separator has-alpha-channel-opacity\"\/>\n\n\n\n<p><a href=\"#_ftnref1\" id=\"_ftn1\"><sup>[1]<\/sup><\/a> Levine, Sam. 2024. \u201c\u2018They\u2019ve Destroyed the Place\u2019: Trump Repeats Racist, Anti-Immigrant Lies.\u201d <em>The Guardian<\/em>, September 13, 2024. https:\/\/www.theguardian.com\/us-news\/2024\/sep\/13\/trump-repeats-lies-haitian-immigrants.<\/p>\n\n\n\n<p><a href=\"#_ftnref2\" id=\"_ftn2\"><sup>[2]<\/sup><\/a> Rinaldi, Olivia, and Caroline Linton. 2025. \u201cTrump Signs Executive Order to Rename Gulf of Mexico, Denali.\u201d <em>CBS News<\/em>, January 21, 2025. https:\/\/www.cbsnews.com\/news\/trump-rename-gulf-of-mexico-denali\/.<\/p>\n\n\n\n<p><a href=\"#_ftnref3\" id=\"_ftn3\"><sup>[3]<\/sup><\/a> Reda\u00e7\u00e3o G1. 2025. \u201c\u2018Eles Precisam de N\u00f3s Mais Do Que Precisamos Deles\u2019, Diz Trump Sobre Brasil e Am\u00e9rica Latina.\u201d <em>G1<\/em>, January 20, 2025. https:\/\/g1.globo.com\/mundo\/noticia\/2025\/01\/20\/eles-precisam-de-nos-mais-do-que-precisamos-deles-diz-trump-sobre-brasil-e-america-latina.ghtml.<\/p>\n","protected":false},"excerpt":{"rendered":"<p>\u00a9Alamy<\/p>\n","protected":false},"author":3,"featured_media":254,"comment_status":"open","ping_status":"open","sticky":false,"template":"","format":"standard","meta":{"_acf_changed":false,"footnotes":""},"categories":[3],"tags":[],"class_list":["post-222","post","type-post","status-publish","format-standard","has-post-thumbnail","hentry","category-diogo-mira"],"acf":[],"yoast_head":"<!-- This site is optimized with the Yoast SEO plugin v27.4 - https:\/\/yoast.com\/product\/yoast-seo-wordpress\/ -->\n<title>Grandes poderes e grandes devaneios - AContradi\u00e7\u00e3o<\/title>\n<meta name=\"description\" content=\"A m\u00e1xima &quot;com grandes poderes v\u00eam grandes responsabilidades&quot; tornou-se um chav\u00e3o universal, mas, quando aplicada a Donald Trump, parece ter sofrido uma metamorfose peculiar: com grandes poderes v\u00eam grandes devaneios. Se h\u00e1 algo que a hist\u00f3ria recente nos ensinou \u00e9 que Trump governa como vive \u2013 \u00e0 base do impulso, da provoca\u00e7\u00e3o e da certeza de que a controv\u00e9rsia \u00e9, em si mesma, uma estrat\u00e9gia pol\u00edtica.\" \/>\n<meta name=\"robots\" content=\"index, follow, max-snippet:-1, max-image-preview:large, max-video-preview:-1\" \/>\n<link rel=\"canonical\" href=\"https:\/\/acontradicao.pt\/?p=222\" \/>\n<meta property=\"og:locale\" content=\"pt_PT\" \/>\n<meta property=\"og:type\" content=\"article\" \/>\n<meta property=\"og:title\" content=\"Grandes poderes e grandes devaneios - AContradi\u00e7\u00e3o\" \/>\n<meta property=\"og:description\" content=\"A m\u00e1xima &quot;com grandes poderes v\u00eam grandes responsabilidades&quot; tornou-se um chav\u00e3o universal, mas, quando aplicada a Donald Trump, parece ter sofrido uma metamorfose peculiar: com grandes poderes v\u00eam grandes devaneios. Se h\u00e1 algo que a hist\u00f3ria recente nos ensinou \u00e9 que Trump governa como vive \u2013 \u00e0 base do impulso, da provoca\u00e7\u00e3o e da certeza de que a controv\u00e9rsia \u00e9, em si mesma, uma estrat\u00e9gia pol\u00edtica.\" \/>\n<meta property=\"og:url\" content=\"https:\/\/acontradicao.pt\/?p=222\" \/>\n<meta property=\"og:site_name\" content=\"AContradi\u00e7\u00e3o\" \/>\n<meta property=\"article:published_time\" content=\"2025-02-17T15:51:26+00:00\" \/>\n<meta property=\"article:modified_time\" content=\"2025-02-17T20:03:15+00:00\" \/>\n<meta property=\"og:image\" content=\"https:\/\/acontradicao.pt\/wp-content\/uploads\/2025\/02\/Taladrid-EquipoTrump-1.webp\" \/>\n\t<meta property=\"og:image:width\" content=\"2240\" \/>\n\t<meta property=\"og:image:height\" content=\"1546\" \/>\n\t<meta property=\"og:image:type\" content=\"image\/webp\" \/>\n<meta name=\"author\" content=\"Diogo Mira\" \/>\n<meta name=\"twitter:card\" content=\"summary_large_image\" \/>\n<meta name=\"twitter:label1\" content=\"Escrito por\" \/>\n\t<meta name=\"twitter:data1\" content=\"Diogo Mira\" \/>\n\t<meta name=\"twitter:label2\" content=\"Tempo estimado de leitura\" \/>\n\t<meta name=\"twitter:data2\" content=\"5 minutos\" \/>\n<script type=\"application\/ld+json\" class=\"yoast-schema-graph\">{\"@context\":\"https:\\\/\\\/schema.org\",\"@graph\":[{\"@type\":\"Article\",\"@id\":\"https:\\\/\\\/acontradicao.pt\\\/?p=222#article\",\"isPartOf\":{\"@id\":\"https:\\\/\\\/acontradicao.pt\\\/?p=222\"},\"author\":{\"name\":\"Diogo Mira\",\"@id\":\"https:\\\/\\\/acontradicao.pt\\\/#\\\/schema\\\/person\\\/a7083a8c01d30c8243ec95984ec69ab5\"},\"headline\":\"Grandes poderes e grandes devaneios\",\"datePublished\":\"2025-02-17T15:51:26+00:00\",\"dateModified\":\"2025-02-17T20:03:15+00:00\",\"mainEntityOfPage\":{\"@id\":\"https:\\\/\\\/acontradicao.pt\\\/?p=222\"},\"wordCount\":882,\"commentCount\":0,\"publisher\":{\"@id\":\"https:\\\/\\\/acontradicao.pt\\\/#organization\"},\"image\":{\"@id\":\"https:\\\/\\\/acontradicao.pt\\\/?p=222#primaryimage\"},\"thumbnailUrl\":\"https:\\\/\\\/acontradicao.pt\\\/wp-content\\\/uploads\\\/2025\\\/02\\\/Taladrid-EquipoTrump-1.webp\",\"articleSection\":[\"Diogo Mira\"],\"inLanguage\":\"pt-PT\",\"potentialAction\":[{\"@type\":\"CommentAction\",\"name\":\"Comment\",\"target\":[\"https:\\\/\\\/acontradicao.pt\\\/?p=222#respond\"]}]},{\"@type\":\"WebPage\",\"@id\":\"https:\\\/\\\/acontradicao.pt\\\/?p=222\",\"url\":\"https:\\\/\\\/acontradicao.pt\\\/?p=222\",\"name\":\"Grandes poderes e grandes devaneios - AContradi\u00e7\u00e3o\",\"isPartOf\":{\"@id\":\"https:\\\/\\\/acontradicao.pt\\\/#website\"},\"primaryImageOfPage\":{\"@id\":\"https:\\\/\\\/acontradicao.pt\\\/?p=222#primaryimage\"},\"image\":{\"@id\":\"https:\\\/\\\/acontradicao.pt\\\/?p=222#primaryimage\"},\"thumbnailUrl\":\"https:\\\/\\\/acontradicao.pt\\\/wp-content\\\/uploads\\\/2025\\\/02\\\/Taladrid-EquipoTrump-1.webp\",\"datePublished\":\"2025-02-17T15:51:26+00:00\",\"dateModified\":\"2025-02-17T20:03:15+00:00\",\"description\":\"A m\u00e1xima \\\"com grandes poderes v\u00eam grandes responsabilidades\\\" tornou-se um chav\u00e3o universal, mas, quando aplicada a Donald Trump, parece ter sofrido uma metamorfose peculiar: com grandes poderes v\u00eam grandes devaneios. Se h\u00e1 algo que a hist\u00f3ria recente nos ensinou \u00e9 que Trump governa como vive \u2013 \u00e0 base do impulso, da provoca\u00e7\u00e3o e da certeza de que a controv\u00e9rsia \u00e9, em si mesma, uma estrat\u00e9gia pol\u00edtica.\",\"breadcrumb\":{\"@id\":\"https:\\\/\\\/acontradicao.pt\\\/?p=222#breadcrumb\"},\"inLanguage\":\"pt-PT\",\"potentialAction\":[{\"@type\":\"ReadAction\",\"target\":[\"https:\\\/\\\/acontradicao.pt\\\/?p=222\"]}]},{\"@type\":\"ImageObject\",\"inLanguage\":\"pt-PT\",\"@id\":\"https:\\\/\\\/acontradicao.pt\\\/?p=222#primaryimage\",\"url\":\"https:\\\/\\\/acontradicao.pt\\\/wp-content\\\/uploads\\\/2025\\\/02\\\/Taladrid-EquipoTrump-1.webp\",\"contentUrl\":\"https:\\\/\\\/acontradicao.pt\\\/wp-content\\\/uploads\\\/2025\\\/02\\\/Taladrid-EquipoTrump-1.webp\",\"width\":2240,\"height\":1546,\"caption\":\"\u00a9Alamy\"},{\"@type\":\"BreadcrumbList\",\"@id\":\"https:\\\/\\\/acontradicao.pt\\\/?p=222#breadcrumb\",\"itemListElement\":[{\"@type\":\"ListItem\",\"position\":1,\"name\":\"Home\",\"item\":\"https:\\\/\\\/acontradicao.pt\\\/\"},{\"@type\":\"ListItem\",\"position\":2,\"name\":\"Grandes poderes e grandes devaneios\"}]},{\"@type\":\"WebSite\",\"@id\":\"https:\\\/\\\/acontradicao.pt\\\/#website\",\"url\":\"https:\\\/\\\/acontradicao.pt\\\/\",\"name\":\"AContradi\u00e7\u00e3o\",\"description\":\"\",\"publisher\":{\"@id\":\"https:\\\/\\\/acontradicao.pt\\\/#organization\"},\"potentialAction\":[{\"@type\":\"SearchAction\",\"target\":{\"@type\":\"EntryPoint\",\"urlTemplate\":\"https:\\\/\\\/acontradicao.pt\\\/?s={search_term_string}\"},\"query-input\":{\"@type\":\"PropertyValueSpecification\",\"valueRequired\":true,\"valueName\":\"search_term_string\"}}],\"inLanguage\":\"pt-PT\"},{\"@type\":\"Organization\",\"@id\":\"https:\\\/\\\/acontradicao.pt\\\/#organization\",\"name\":\"AContradi\u00e7\u00e3o\",\"url\":\"https:\\\/\\\/acontradicao.pt\\\/\",\"logo\":{\"@type\":\"ImageObject\",\"inLanguage\":\"pt-PT\",\"@id\":\"https:\\\/\\\/acontradicao.pt\\\/#\\\/schema\\\/logo\\\/image\\\/\",\"url\":\"https:\\\/\\\/acontradicao.pt\\\/wp-content\\\/uploads\\\/2025\\\/02\\\/LogoAContradicaobranco.png\",\"contentUrl\":\"https:\\\/\\\/acontradicao.pt\\\/wp-content\\\/uploads\\\/2025\\\/02\\\/LogoAContradicaobranco.png\",\"width\":4250,\"height\":975,\"caption\":\"AContradi\u00e7\u00e3o\"},\"image\":{\"@id\":\"https:\\\/\\\/acontradicao.pt\\\/#\\\/schema\\\/logo\\\/image\\\/\"}},{\"@type\":\"Person\",\"@id\":\"https:\\\/\\\/acontradicao.pt\\\/#\\\/schema\\\/person\\\/a7083a8c01d30c8243ec95984ec69ab5\",\"name\":\"Diogo Mira\",\"image\":{\"@type\":\"ImageObject\",\"inLanguage\":\"pt-PT\",\"@id\":\"https:\\\/\\\/secure.gravatar.com\\\/avatar\\\/4c17d5e7e552c4f38012807f22f4d9bfaaa6b3916c49f9184dc3220bd480f1e6?s=96&d=mm&r=g\",\"url\":\"https:\\\/\\\/secure.gravatar.com\\\/avatar\\\/4c17d5e7e552c4f38012807f22f4d9bfaaa6b3916c49f9184dc3220bd480f1e6?s=96&d=mm&r=g\",\"contentUrl\":\"https:\\\/\\\/secure.gravatar.com\\\/avatar\\\/4c17d5e7e552c4f38012807f22f4d9bfaaa6b3916c49f9184dc3220bd480f1e6?s=96&d=mm&r=g\",\"caption\":\"Diogo Mira\"},\"description\":\"Diogo Mira \u00e9 licenciado em Rela\u00e7\u00f5es Internacionais e aficionado pela pol\u00edtica latino-americana. Curioso pelas inquietudes pol\u00edticas e viciado em fazer perguntas sem resposta. Almadense com costela alentejana, com o cante nos ouvidos desde sempre.\",\"url\":\"https:\\\/\\\/acontradicao.pt\\\/?author=3\"}]}<\/script>\n<!-- \/ Yoast SEO plugin. -->","yoast_head_json":{"title":"Grandes poderes e grandes devaneios - AContradi\u00e7\u00e3o","description":"A m\u00e1xima \"com grandes poderes v\u00eam grandes responsabilidades\" tornou-se um chav\u00e3o universal, mas, quando aplicada a Donald Trump, parece ter sofrido uma metamorfose peculiar: com grandes poderes v\u00eam grandes devaneios. Se h\u00e1 algo que a hist\u00f3ria recente nos ensinou \u00e9 que Trump governa como vive \u2013 \u00e0 base do impulso, da provoca\u00e7\u00e3o e da certeza de que a controv\u00e9rsia \u00e9, em si mesma, uma estrat\u00e9gia pol\u00edtica.","robots":{"index":"index","follow":"follow","max-snippet":"max-snippet:-1","max-image-preview":"max-image-preview:large","max-video-preview":"max-video-preview:-1"},"canonical":"https:\/\/acontradicao.pt\/?p=222","og_locale":"pt_PT","og_type":"article","og_title":"Grandes poderes e grandes devaneios - AContradi\u00e7\u00e3o","og_description":"A m\u00e1xima \"com grandes poderes v\u00eam grandes responsabilidades\" tornou-se um chav\u00e3o universal, mas, quando aplicada a Donald Trump, parece ter sofrido uma metamorfose peculiar: com grandes poderes v\u00eam grandes devaneios. Se h\u00e1 algo que a hist\u00f3ria recente nos ensinou \u00e9 que Trump governa como vive \u2013 \u00e0 base do impulso, da provoca\u00e7\u00e3o e da certeza de que a controv\u00e9rsia \u00e9, em si mesma, uma estrat\u00e9gia pol\u00edtica.","og_url":"https:\/\/acontradicao.pt\/?p=222","og_site_name":"AContradi\u00e7\u00e3o","article_published_time":"2025-02-17T15:51:26+00:00","article_modified_time":"2025-02-17T20:03:15+00:00","og_image":[{"width":2240,"height":1546,"url":"https:\/\/acontradicao.pt\/wp-content\/uploads\/2025\/02\/Taladrid-EquipoTrump-1.webp","type":"image\/webp"}],"author":"Diogo Mira","twitter_card":"summary_large_image","twitter_misc":{"Escrito por":"Diogo Mira","Tempo estimado de leitura":"5 minutos"},"schema":{"@context":"https:\/\/schema.org","@graph":[{"@type":"Article","@id":"https:\/\/acontradicao.pt\/?p=222#article","isPartOf":{"@id":"https:\/\/acontradicao.pt\/?p=222"},"author":{"name":"Diogo Mira","@id":"https:\/\/acontradicao.pt\/#\/schema\/person\/a7083a8c01d30c8243ec95984ec69ab5"},"headline":"Grandes poderes e grandes devaneios","datePublished":"2025-02-17T15:51:26+00:00","dateModified":"2025-02-17T20:03:15+00:00","mainEntityOfPage":{"@id":"https:\/\/acontradicao.pt\/?p=222"},"wordCount":882,"commentCount":0,"publisher":{"@id":"https:\/\/acontradicao.pt\/#organization"},"image":{"@id":"https:\/\/acontradicao.pt\/?p=222#primaryimage"},"thumbnailUrl":"https:\/\/acontradicao.pt\/wp-content\/uploads\/2025\/02\/Taladrid-EquipoTrump-1.webp","articleSection":["Diogo Mira"],"inLanguage":"pt-PT","potentialAction":[{"@type":"CommentAction","name":"Comment","target":["https:\/\/acontradicao.pt\/?p=222#respond"]}]},{"@type":"WebPage","@id":"https:\/\/acontradicao.pt\/?p=222","url":"https:\/\/acontradicao.pt\/?p=222","name":"Grandes poderes e grandes devaneios - AContradi\u00e7\u00e3o","isPartOf":{"@id":"https:\/\/acontradicao.pt\/#website"},"primaryImageOfPage":{"@id":"https:\/\/acontradicao.pt\/?p=222#primaryimage"},"image":{"@id":"https:\/\/acontradicao.pt\/?p=222#primaryimage"},"thumbnailUrl":"https:\/\/acontradicao.pt\/wp-content\/uploads\/2025\/02\/Taladrid-EquipoTrump-1.webp","datePublished":"2025-02-17T15:51:26+00:00","dateModified":"2025-02-17T20:03:15+00:00","description":"A m\u00e1xima \"com grandes poderes v\u00eam grandes responsabilidades\" tornou-se um chav\u00e3o universal, mas, quando aplicada a Donald Trump, parece ter sofrido uma metamorfose peculiar: com grandes poderes v\u00eam grandes devaneios. Se h\u00e1 algo que a hist\u00f3ria recente nos ensinou \u00e9 que Trump governa como vive \u2013 \u00e0 base do impulso, da provoca\u00e7\u00e3o e da certeza de que a controv\u00e9rsia \u00e9, em si mesma, uma estrat\u00e9gia pol\u00edtica.","breadcrumb":{"@id":"https:\/\/acontradicao.pt\/?p=222#breadcrumb"},"inLanguage":"pt-PT","potentialAction":[{"@type":"ReadAction","target":["https:\/\/acontradicao.pt\/?p=222"]}]},{"@type":"ImageObject","inLanguage":"pt-PT","@id":"https:\/\/acontradicao.pt\/?p=222#primaryimage","url":"https:\/\/acontradicao.pt\/wp-content\/uploads\/2025\/02\/Taladrid-EquipoTrump-1.webp","contentUrl":"https:\/\/acontradicao.pt\/wp-content\/uploads\/2025\/02\/Taladrid-EquipoTrump-1.webp","width":2240,"height":1546,"caption":"\u00a9Alamy"},{"@type":"BreadcrumbList","@id":"https:\/\/acontradicao.pt\/?p=222#breadcrumb","itemListElement":[{"@type":"ListItem","position":1,"name":"Home","item":"https:\/\/acontradicao.pt\/"},{"@type":"ListItem","position":2,"name":"Grandes poderes e grandes devaneios"}]},{"@type":"WebSite","@id":"https:\/\/acontradicao.pt\/#website","url":"https:\/\/acontradicao.pt\/","name":"AContradi\u00e7\u00e3o","description":"","publisher":{"@id":"https:\/\/acontradicao.pt\/#organization"},"potentialAction":[{"@type":"SearchAction","target":{"@type":"EntryPoint","urlTemplate":"https:\/\/acontradicao.pt\/?s={search_term_string}"},"query-input":{"@type":"PropertyValueSpecification","valueRequired":true,"valueName":"search_term_string"}}],"inLanguage":"pt-PT"},{"@type":"Organization","@id":"https:\/\/acontradicao.pt\/#organization","name":"AContradi\u00e7\u00e3o","url":"https:\/\/acontradicao.pt\/","logo":{"@type":"ImageObject","inLanguage":"pt-PT","@id":"https:\/\/acontradicao.pt\/#\/schema\/logo\/image\/","url":"https:\/\/acontradicao.pt\/wp-content\/uploads\/2025\/02\/LogoAContradicaobranco.png","contentUrl":"https:\/\/acontradicao.pt\/wp-content\/uploads\/2025\/02\/LogoAContradicaobranco.png","width":4250,"height":975,"caption":"AContradi\u00e7\u00e3o"},"image":{"@id":"https:\/\/acontradicao.pt\/#\/schema\/logo\/image\/"}},{"@type":"Person","@id":"https:\/\/acontradicao.pt\/#\/schema\/person\/a7083a8c01d30c8243ec95984ec69ab5","name":"Diogo Mira","image":{"@type":"ImageObject","inLanguage":"pt-PT","@id":"https:\/\/secure.gravatar.com\/avatar\/4c17d5e7e552c4f38012807f22f4d9bfaaa6b3916c49f9184dc3220bd480f1e6?s=96&d=mm&r=g","url":"https:\/\/secure.gravatar.com\/avatar\/4c17d5e7e552c4f38012807f22f4d9bfaaa6b3916c49f9184dc3220bd480f1e6?s=96&d=mm&r=g","contentUrl":"https:\/\/secure.gravatar.com\/avatar\/4c17d5e7e552c4f38012807f22f4d9bfaaa6b3916c49f9184dc3220bd480f1e6?s=96&d=mm&r=g","caption":"Diogo Mira"},"description":"Diogo Mira \u00e9 licenciado em Rela\u00e7\u00f5es Internacionais e aficionado pela pol\u00edtica latino-americana. Curioso pelas inquietudes pol\u00edticas e viciado em fazer perguntas sem resposta. Almadense com costela alentejana, com o cante nos ouvidos desde sempre.","url":"https:\/\/acontradicao.pt\/?author=3"}]}},"jetpack_featured_media_url":"https:\/\/acontradicao.pt\/wp-content\/uploads\/2025\/02\/Taladrid-EquipoTrump-1.webp","_links":{"self":[{"href":"https:\/\/acontradicao.pt\/index.php?rest_route=\/wp\/v2\/posts\/222","targetHints":{"allow":["GET"]}}],"collection":[{"href":"https:\/\/acontradicao.pt\/index.php?rest_route=\/wp\/v2\/posts"}],"about":[{"href":"https:\/\/acontradicao.pt\/index.php?rest_route=\/wp\/v2\/types\/post"}],"author":[{"embeddable":true,"href":"https:\/\/acontradicao.pt\/index.php?rest_route=\/wp\/v2\/users\/3"}],"replies":[{"embeddable":true,"href":"https:\/\/acontradicao.pt\/index.php?rest_route=%2Fwp%2Fv2%2Fcomments&post=222"}],"version-history":[{"count":4,"href":"https:\/\/acontradicao.pt\/index.php?rest_route=\/wp\/v2\/posts\/222\/revisions"}],"predecessor-version":[{"id":256,"href":"https:\/\/acontradicao.pt\/index.php?rest_route=\/wp\/v2\/posts\/222\/revisions\/256"}],"wp:featuredmedia":[{"embeddable":true,"href":"https:\/\/acontradicao.pt\/index.php?rest_route=\/wp\/v2\/media\/254"}],"wp:attachment":[{"href":"https:\/\/acontradicao.pt\/index.php?rest_route=%2Fwp%2Fv2%2Fmedia&parent=222"}],"wp:term":[{"taxonomy":"category","embeddable":true,"href":"https:\/\/acontradicao.pt\/index.php?rest_route=%2Fwp%2Fv2%2Fcategories&post=222"},{"taxonomy":"post_tag","embeddable":true,"href":"https:\/\/acontradicao.pt\/index.php?rest_route=%2Fwp%2Fv2%2Ftags&post=222"}],"curies":[{"name":"wp","href":"https:\/\/api.w.org\/{rel}","templated":true}]}}