{"id":16,"date":"2025-01-23T17:16:57","date_gmt":"2025-01-23T17:16:57","guid":{"rendered":"https:\/\/acontradicaoea.wordpress.com\/2025\/01\/23\/teamwork-triumphs\/"},"modified":"2025-01-30T10:42:16","modified_gmt":"2025-01-30T10:42:16","slug":"qual-acordo-mercosul","status":"publish","type":"post","link":"https:\/\/acontradicao.pt\/?p=16","title":{"rendered":"Qual acordo, Mercosul?"},"content":{"rendered":"\n<p class=\"has-small-font-size\">Getty Images Plus<\/p>\n\n\n\n<p>Com o desenlace de mais de duas d\u00e9cadas de negocia\u00e7\u00f5es entre a Uni\u00e3o Europeia e o Mercosul, foi anunciado o maior acordo de livre com\u00e9rcio j\u00e1 estabelecido entre estes dois blocos. N\u00e3o obstante a sua grandeza, as implica\u00e7\u00f5es deste acordo v\u00e3o al\u00e9m dos poss\u00edveis resultados imediatos, uma vez que este dar\u00e1 continuidade \u00e0s din\u00e2micas assim\u00e9tricas entre as economias do centro, representadas pela UE, e pelas economias perif\u00e9ricas, como as dos pa\u00edses do Mercosul. Caso o acordo venha a ser implementado &#8211; e tudo indica que sim, este poder\u00e1 criar impactos econ\u00f3micos, sociais e ambientais, para al\u00e9m de refor\u00e7ar a divis\u00e3o internacional do trabalho que perpetua as desigualdades globais entre o norte cada vez mais capacitado para concentrar riqueza e um sul global territorial e socialmente cada vez mais explorado.<\/p>\n\n\n\n<p>&nbsp;&nbsp;&nbsp;&nbsp; &nbsp;&nbsp;&nbsp;&nbsp; Uma vez que as economias do centro (UE) det\u00eam o controlo sobre os fluxos globais de capital e tecnologia, enquanto as economias perif\u00e9ricas permanecem dependentes da exporta\u00e7\u00e3o de produtos prim\u00e1rios, \u00e9 evidente que o acordo entre a UE e o Mercosul exemplifica e estimula essa rela\u00e7\u00e3o desigual<a href=\"#_ftn1\" id=\"_ftnref1\"><sup>[1]<\/sup><\/a>.&nbsp; Afinal, a abertura dos mercados do espa\u00e7o Mercosul para os bens industriais europeus refor\u00e7a a posi\u00e7\u00e3o dominante da Uni\u00e3o Europeia no mercado global, o que poder\u00e1 limitar o desenvolvimento de ind\u00fastrias locais nos pa\u00edses latino-americanos.&nbsp; Esta situa\u00e7\u00e3o far\u00e1 com que os pa\u00edses do Mercosul enfrentem o desafio acrescido de competir com os produtos industrializados que chegam com custos reduzidos ap\u00f3s a elimina\u00e7\u00e3o de tarifas. Tal poder\u00e1 levar \u00e0 consolida\u00e7\u00e3o de um modelo que perpetua a depend\u00eancia da exporta\u00e7\u00e3o de mat\u00e9rias-primas e que incentiva a subordina\u00e7\u00e3o estrutural das economias perif\u00e9ricas \u00e0s dos pa\u00edses do centro.<\/p>\n\n\n\n<p>Do ponto de vista hist\u00f3rico, as economias perif\u00e9ricas foram incentivadas a especializarem-se na produ\u00e7\u00e3o e exporta\u00e7\u00e3o de <em>commodities, <\/em>sendo que este modelo refor\u00e7a a depend\u00eancia econ\u00f3mica da periferia em rela\u00e7\u00e3o ao centro e limita a diversifica\u00e7\u00e3o produtiva. Este novo acordo entre a UE e o Mercosul dever\u00e1 seguir essa mesma l\u00f3gica, ao impulsionar a exporta\u00e7\u00e3o de produtos agr\u00edcolas do Mercosul para a UE, com promessas de um acesso a um mercado europeu mais amplo, sendo que essa din\u00e2mica beneficia de forma desproporcional os grandes exportadores e multinacionais.<\/p>\n\n\n\n<p>Ali\u00e1s, dentro da pr\u00f3pria UE os pequenos agricultores tamb\u00e9m sair\u00e3o prejudicados pelo acordo, na medida em que a elimina\u00e7\u00e3o de tarifas permitir\u00e1 que os produtos agr\u00edcolas entrem no mercado europeu a pre\u00e7os mais reduzidos que aos produzidos internamente, pressionando os agricultores locais que enfrentam custos mais elevados e exig\u00eancias ambientais mais rigorosas<a href=\"#_ftn2\" id=\"_ftnref2\"><sup>[2]<\/sup><\/a>. Denota-se, desta forma, que este acordo prioriza interesses corporativos em detrimento da sobreviv\u00eancia dos agricultores e da coes\u00e3o social na Europa. Jos\u00e9 Manuel Fernandes, Ministro da Agricultura portugu\u00eas, referiu que o objetivo do acordo \u00e9 criar uma situa\u00e7\u00e3o <em>win-win<\/em>, em que nenhum dos lados fique a perder. No entanto, a pr\u00e1tica mostra-nos que estes tipos de vit\u00f3rias se fazem \u00e0 custa da precariza\u00e7\u00e3o das condi\u00e7\u00f5es de trabalho e de impactos nocivos para o meio ambiente. A Alemanha, que passa por momentos de inquietude interna e cujo setor da ind\u00fastria autom\u00f3vel se encontra muito interessado em expandir a sua atividade para o mercado sul-americano, constitui um dos principais pa\u00edses interessados no acordo<a href=\"#_ftn3\" id=\"_ftnref3\"><sup>[3]<\/sup><\/a>, ao passo que pa\u00edses europeus como a Fran\u00e7a e Pol\u00f3nia j\u00e1 se manifestaram contrariamente ao avan\u00e7o do novo acordo, alegando que o seu setor agr\u00edcola sa\u00edria fortemente prejudicado<a href=\"#_ftn4\" id=\"_ftnref4\"><sup>[4]<\/sup><\/a>.<\/p>\n\n\n\n<p>Relativamente ao combate \u00e0 cat\u00e1strofe clim\u00e1tica, o novo acordo UE-Mercosul n\u00e3o aparenta responder de forma eficaz \u00e0s necessidades atuais e desafios do futuro. Na verdade, os impactos ambientais deste acordo refletem outra dimens\u00e3o das rela\u00e7\u00f5es centro-periferia &#8211; o aumento da press\u00e3o sobre ecossistemas vulner\u00e1veis, como \u00e9 o caso da Amaz\u00f3nia e do Cerrado brasileiro, para satisfazer a crescente procura europeia, poder\u00e1 provocar o desmatamento, a perda de biodiversidade e o aumento de emiss\u00f5es de CO2. Os custos ambientais incidir\u00e3o sobre os pa\u00edses perif\u00e9ricos, enquanto os benef\u00edcios econ\u00f3micos do com\u00e9rcio permanecer\u00e3o concentrados na UE. Embora a Comiss\u00e3o Europeia diga que o novo acordo inclui compromissos com o desenvolvimento sustent\u00e1vel, \u00e1rea que tinha sido alvo de obje\u00e7\u00f5es aquando do debate acerca da \u00faltima vers\u00e3o deste acordo, estes ser\u00e3o previsivelmente insuficientes para mitigar os impactos negativos de um modelo econ\u00f3mico que se baseia na explora\u00e7\u00e3o intensiva de recursos naturais.<\/p>\n\n\n\n<p>Um acordo cujas negocia\u00e7\u00f5es decorreram de forma opaca e sem oportunidade de debate p\u00fablico aprofundado e que aparenta ter sido promovido a pedido das multinacionais para facilitar a explora\u00e7\u00e3o global de recursos naturais e do trabalho humano, visando ganhos financeiros restritos para uma minoria, n\u00e3o representa um avan\u00e7o positivo para a generalidade das pessoas.&nbsp; Este representa mais do que uma oportunidade de expans\u00e3o comercial &#8211; ele cristaliza uma l\u00f3gica de explora\u00e7\u00e3o e desigualdade que perpetua as din\u00e2micas assim\u00e9tricas entre o centro e a periferia no sistema global. Embora o discurso oficial da UE enfatize benef\u00edcios m\u00fatuos, os ganhos tendem a concentrar-se nas economias do centro, enquanto os custos econ\u00f3micos, sociais e ambientais recair\u00e3o nos pa\u00edses sul-americanos.<\/p>\n\n\n\n<hr class=\"wp-block-separator has-alpha-channel-opacity\" \/>\n\n\n\n<p><a href=\"#_ftnref1\" id=\"_ftn1\"><sup>[1]<\/sup><\/a>Bolzani, Isabel. 2024. Acordo entre Mercosul e UE: entenda o que est\u00e1 em jogo e quais seriam os efeitos para o Brasil. <em>G1<\/em>, 6 de dezembro de 2024. <a href=\"https:\/\/g1.globo.com\/economia\/noticia\/2024\/12\/06\/acordo-entre-mercosul-e-ue-entenda-o-que-esta-em-jogo-e-quais-seriam-os-efeitos-para-o-brasil.ghtml#4\">https:\/\/g1.globo.com\/economia\/noticia\/2024\/12\/06\/acordo-entre-mercosul-e-ue-entenda-o-que-esta-em-jogo-e-quais-seriam-os-efeitos-para-o-brasil.ghtml#4<\/a><\/p>\n\n\n\n<p><a href=\"#_ftnref2\" id=\"_ftn2\"><sup>[2]<\/sup><\/a>Corlyn, Peggy. 2024. Mercosul: o que h\u00e1 de novo e o que se segue no acordo? <em>Euronews<\/em>, 9 de dezembro de 2024. <a href=\"https:\/\/pt.euronews.com\/my-europe\/2024\/12\/09\/mercosul-o-que-ha-de-novo-e-o-que-se-segue-no-acordo\">https:\/\/pt.euronews.com\/my-europe\/2024\/12\/09\/mercosul-o-que-ha-de-novo-e-o-que-se-segue-no-acordo<\/a><\/p>\n\n\n\n<p><a href=\"#_ftnref3\" id=\"_ftn3\"><sup>[3]<\/sup><\/a>AFP. 2024. Acordo UE-Mercosul: Alemanha faz novos gestos para defender acordo, e Fran\u00e7a tenta barrar. <em>Exame<\/em>, 21 de novembro de 2024. <a href=\"https:\/\/exame.com\/mundo\/alemanha-e-franca-buscam-aliados-para-acordo-ue-mercosul\/\">https:\/\/exame.com\/mundo\/alemanha-e-franca-buscam-aliados-para-acordo-ue-mercosul\/<\/a><\/p>\n\n\n\n<p><a href=\"#_ftnref4\" id=\"_ftn4\"><sup>[4]<\/sup><\/a>Lusa. 2024. Pol\u00f3nia &#8220;n\u00e3o aceitar\u00e1&#8221; acordo UE-Mercosul na sua forma atual. <em>Observador<\/em>, 26 de novembro de 2024. <a href=\"https:\/\/observador.pt\/2024\/11\/26\/polonia-nao-aceitara-acordo-ue-mercosul-na-sua-forma-atual\/\">https:\/\/observador.pt\/2024\/11\/26\/polonia-nao-aceitara-acordo-ue-mercosul-na-sua-forma-atual\/<\/a><\/p>\n","protected":false},"excerpt":{"rendered":"<p>What fosters effective teamwork? It\u2019s not just about grouping individuals together and hoping for the best. It\u2019s about cultivating an environment where trust, open communication, mutual respect, and a shared vision converge.<\/p>\n","protected":false},"author":3,"featured_media":155,"comment_status":"closed","ping_status":"closed","sticky":false,"template":"","format":"standard","meta":{"_acf_changed":false,"footnotes":""},"categories":[3],"tags":[],"class_list":["post-16","post","type-post","status-publish","format-standard","has-post-thumbnail","hentry","category-diogo-mira"],"acf":[],"yoast_head":"<!-- This site is optimized with the Yoast SEO plugin v27.4 - https:\/\/yoast.com\/product\/yoast-seo-wordpress\/ -->\n<title>Qual acordo, Mercosul? - AContradi\u00e7\u00e3o<\/title>\n<meta name=\"robots\" content=\"index, follow, max-snippet:-1, max-image-preview:large, max-video-preview:-1\" \/>\n<link rel=\"canonical\" href=\"https:\/\/acontradicao.pt\/?p=16\" \/>\n<meta property=\"og:locale\" content=\"pt_PT\" \/>\n<meta property=\"og:type\" content=\"article\" \/>\n<meta property=\"og:title\" content=\"Qual acordo, Mercosul? - AContradi\u00e7\u00e3o\" \/>\n<meta property=\"og:description\" content=\"What fosters effective teamwork? It\u2019s not just about grouping individuals together and hoping for the best. It\u2019s about cultivating an environment where trust, open communication, mutual respect, and a shared vision converge.\" \/>\n<meta property=\"og:url\" content=\"https:\/\/acontradicao.pt\/?p=16\" \/>\n<meta property=\"og:site_name\" content=\"AContradi\u00e7\u00e3o\" \/>\n<meta property=\"article:published_time\" content=\"2025-01-23T17:16:57+00:00\" \/>\n<meta property=\"article:modified_time\" content=\"2025-01-30T10:42:16+00:00\" \/>\n<meta property=\"og:image\" content=\"https:\/\/acontradicao.pt\/wp-content\/uploads\/2025\/01\/Foto-Canva-Mercosul-2.jpg\" \/>\n\t<meta property=\"og:image:width\" content=\"1920\" \/>\n\t<meta property=\"og:image:height\" content=\"1080\" \/>\n\t<meta property=\"og:image:type\" content=\"image\/jpeg\" \/>\n<meta name=\"author\" content=\"Diogo Mira\" \/>\n<meta name=\"twitter:card\" content=\"summary_large_image\" \/>\n<meta name=\"twitter:label1\" content=\"Escrito por\" \/>\n\t<meta name=\"twitter:data1\" content=\"Diogo Mira\" \/>\n\t<meta name=\"twitter:label2\" content=\"Tempo estimado de leitura\" \/>\n\t<meta name=\"twitter:data2\" content=\"4 minutos\" \/>\n<script type=\"application\/ld+json\" class=\"yoast-schema-graph\">{\"@context\":\"https:\\\/\\\/schema.org\",\"@graph\":[{\"@type\":\"Article\",\"@id\":\"https:\\\/\\\/acontradicao.pt\\\/?p=16#article\",\"isPartOf\":{\"@id\":\"https:\\\/\\\/acontradicao.pt\\\/?p=16\"},\"author\":{\"name\":\"Diogo Mira\",\"@id\":\"https:\\\/\\\/acontradicao.pt\\\/#\\\/schema\\\/person\\\/a7083a8c01d30c8243ec95984ec69ab5\"},\"headline\":\"Qual acordo, Mercosul?\",\"datePublished\":\"2025-01-23T17:16:57+00:00\",\"dateModified\":\"2025-01-30T10:42:16+00:00\",\"mainEntityOfPage\":{\"@id\":\"https:\\\/\\\/acontradicao.pt\\\/?p=16\"},\"wordCount\":1038,\"publisher\":{\"@id\":\"https:\\\/\\\/acontradicao.pt\\\/#organization\"},\"image\":{\"@id\":\"https:\\\/\\\/acontradicao.pt\\\/?p=16#primaryimage\"},\"thumbnailUrl\":\"https:\\\/\\\/acontradicao.pt\\\/wp-content\\\/uploads\\\/2025\\\/01\\\/Foto-Canva-Mercosul-2.jpg\",\"articleSection\":[\"Diogo Mira\"],\"inLanguage\":\"pt-PT\"},{\"@type\":\"WebPage\",\"@id\":\"https:\\\/\\\/acontradicao.pt\\\/?p=16\",\"url\":\"https:\\\/\\\/acontradicao.pt\\\/?p=16\",\"name\":\"Qual acordo, Mercosul? - AContradi\u00e7\u00e3o\",\"isPartOf\":{\"@id\":\"https:\\\/\\\/acontradicao.pt\\\/#website\"},\"primaryImageOfPage\":{\"@id\":\"https:\\\/\\\/acontradicao.pt\\\/?p=16#primaryimage\"},\"image\":{\"@id\":\"https:\\\/\\\/acontradicao.pt\\\/?p=16#primaryimage\"},\"thumbnailUrl\":\"https:\\\/\\\/acontradicao.pt\\\/wp-content\\\/uploads\\\/2025\\\/01\\\/Foto-Canva-Mercosul-2.jpg\",\"datePublished\":\"2025-01-23T17:16:57+00:00\",\"dateModified\":\"2025-01-30T10:42:16+00:00\",\"breadcrumb\":{\"@id\":\"https:\\\/\\\/acontradicao.pt\\\/?p=16#breadcrumb\"},\"inLanguage\":\"pt-PT\",\"potentialAction\":[{\"@type\":\"ReadAction\",\"target\":[\"https:\\\/\\\/acontradicao.pt\\\/?p=16\"]}]},{\"@type\":\"ImageObject\",\"inLanguage\":\"pt-PT\",\"@id\":\"https:\\\/\\\/acontradicao.pt\\\/?p=16#primaryimage\",\"url\":\"https:\\\/\\\/acontradicao.pt\\\/wp-content\\\/uploads\\\/2025\\\/01\\\/Foto-Canva-Mercosul-2.jpg\",\"contentUrl\":\"https:\\\/\\\/acontradicao.pt\\\/wp-content\\\/uploads\\\/2025\\\/01\\\/Foto-Canva-Mercosul-2.jpg\",\"width\":1920,\"height\":1080},{\"@type\":\"BreadcrumbList\",\"@id\":\"https:\\\/\\\/acontradicao.pt\\\/?p=16#breadcrumb\",\"itemListElement\":[{\"@type\":\"ListItem\",\"position\":1,\"name\":\"Home\",\"item\":\"https:\\\/\\\/acontradicao.pt\\\/\"},{\"@type\":\"ListItem\",\"position\":2,\"name\":\"Qual acordo, Mercosul?\"}]},{\"@type\":\"WebSite\",\"@id\":\"https:\\\/\\\/acontradicao.pt\\\/#website\",\"url\":\"https:\\\/\\\/acontradicao.pt\\\/\",\"name\":\"AContradi\u00e7\u00e3o\",\"description\":\"\",\"publisher\":{\"@id\":\"https:\\\/\\\/acontradicao.pt\\\/#organization\"},\"potentialAction\":[{\"@type\":\"SearchAction\",\"target\":{\"@type\":\"EntryPoint\",\"urlTemplate\":\"https:\\\/\\\/acontradicao.pt\\\/?s={search_term_string}\"},\"query-input\":{\"@type\":\"PropertyValueSpecification\",\"valueRequired\":true,\"valueName\":\"search_term_string\"}}],\"inLanguage\":\"pt-PT\"},{\"@type\":\"Organization\",\"@id\":\"https:\\\/\\\/acontradicao.pt\\\/#organization\",\"name\":\"AContradi\u00e7\u00e3o\",\"url\":\"https:\\\/\\\/acontradicao.pt\\\/\",\"logo\":{\"@type\":\"ImageObject\",\"inLanguage\":\"pt-PT\",\"@id\":\"https:\\\/\\\/acontradicao.pt\\\/#\\\/schema\\\/logo\\\/image\\\/\",\"url\":\"https:\\\/\\\/acontradicao.pt\\\/wp-content\\\/uploads\\\/2025\\\/02\\\/LogoAContradicaobranco.png\",\"contentUrl\":\"https:\\\/\\\/acontradicao.pt\\\/wp-content\\\/uploads\\\/2025\\\/02\\\/LogoAContradicaobranco.png\",\"width\":4250,\"height\":975,\"caption\":\"AContradi\u00e7\u00e3o\"},\"image\":{\"@id\":\"https:\\\/\\\/acontradicao.pt\\\/#\\\/schema\\\/logo\\\/image\\\/\"}},{\"@type\":\"Person\",\"@id\":\"https:\\\/\\\/acontradicao.pt\\\/#\\\/schema\\\/person\\\/a7083a8c01d30c8243ec95984ec69ab5\",\"name\":\"Diogo Mira\",\"image\":{\"@type\":\"ImageObject\",\"inLanguage\":\"pt-PT\",\"@id\":\"https:\\\/\\\/secure.gravatar.com\\\/avatar\\\/4c17d5e7e552c4f38012807f22f4d9bfaaa6b3916c49f9184dc3220bd480f1e6?s=96&d=mm&r=g\",\"url\":\"https:\\\/\\\/secure.gravatar.com\\\/avatar\\\/4c17d5e7e552c4f38012807f22f4d9bfaaa6b3916c49f9184dc3220bd480f1e6?s=96&d=mm&r=g\",\"contentUrl\":\"https:\\\/\\\/secure.gravatar.com\\\/avatar\\\/4c17d5e7e552c4f38012807f22f4d9bfaaa6b3916c49f9184dc3220bd480f1e6?s=96&d=mm&r=g\",\"caption\":\"Diogo Mira\"},\"description\":\"Diogo Mira \u00e9 licenciado em Rela\u00e7\u00f5es Internacionais e aficionado pela pol\u00edtica latino-americana. Curioso pelas inquietudes pol\u00edticas e viciado em fazer perguntas sem resposta. Almadense com costela alentejana, com o cante nos ouvidos desde sempre.\",\"url\":\"https:\\\/\\\/acontradicao.pt\\\/?author=3\"}]}<\/script>\n<!-- \/ Yoast SEO plugin. -->","yoast_head_json":{"title":"Qual acordo, Mercosul? - AContradi\u00e7\u00e3o","robots":{"index":"index","follow":"follow","max-snippet":"max-snippet:-1","max-image-preview":"max-image-preview:large","max-video-preview":"max-video-preview:-1"},"canonical":"https:\/\/acontradicao.pt\/?p=16","og_locale":"pt_PT","og_type":"article","og_title":"Qual acordo, Mercosul? - AContradi\u00e7\u00e3o","og_description":"What fosters effective teamwork? It\u2019s not just about grouping individuals together and hoping for the best. It\u2019s about cultivating an environment where trust, open communication, mutual respect, and a shared vision converge.","og_url":"https:\/\/acontradicao.pt\/?p=16","og_site_name":"AContradi\u00e7\u00e3o","article_published_time":"2025-01-23T17:16:57+00:00","article_modified_time":"2025-01-30T10:42:16+00:00","og_image":[{"width":1920,"height":1080,"url":"https:\/\/acontradicao.pt\/wp-content\/uploads\/2025\/01\/Foto-Canva-Mercosul-2.jpg","type":"image\/jpeg"}],"author":"Diogo Mira","twitter_card":"summary_large_image","twitter_misc":{"Escrito por":"Diogo Mira","Tempo estimado de leitura":"4 minutos"},"schema":{"@context":"https:\/\/schema.org","@graph":[{"@type":"Article","@id":"https:\/\/acontradicao.pt\/?p=16#article","isPartOf":{"@id":"https:\/\/acontradicao.pt\/?p=16"},"author":{"name":"Diogo Mira","@id":"https:\/\/acontradicao.pt\/#\/schema\/person\/a7083a8c01d30c8243ec95984ec69ab5"},"headline":"Qual acordo, Mercosul?","datePublished":"2025-01-23T17:16:57+00:00","dateModified":"2025-01-30T10:42:16+00:00","mainEntityOfPage":{"@id":"https:\/\/acontradicao.pt\/?p=16"},"wordCount":1038,"publisher":{"@id":"https:\/\/acontradicao.pt\/#organization"},"image":{"@id":"https:\/\/acontradicao.pt\/?p=16#primaryimage"},"thumbnailUrl":"https:\/\/acontradicao.pt\/wp-content\/uploads\/2025\/01\/Foto-Canva-Mercosul-2.jpg","articleSection":["Diogo Mira"],"inLanguage":"pt-PT"},{"@type":"WebPage","@id":"https:\/\/acontradicao.pt\/?p=16","url":"https:\/\/acontradicao.pt\/?p=16","name":"Qual acordo, Mercosul? - AContradi\u00e7\u00e3o","isPartOf":{"@id":"https:\/\/acontradicao.pt\/#website"},"primaryImageOfPage":{"@id":"https:\/\/acontradicao.pt\/?p=16#primaryimage"},"image":{"@id":"https:\/\/acontradicao.pt\/?p=16#primaryimage"},"thumbnailUrl":"https:\/\/acontradicao.pt\/wp-content\/uploads\/2025\/01\/Foto-Canva-Mercosul-2.jpg","datePublished":"2025-01-23T17:16:57+00:00","dateModified":"2025-01-30T10:42:16+00:00","breadcrumb":{"@id":"https:\/\/acontradicao.pt\/?p=16#breadcrumb"},"inLanguage":"pt-PT","potentialAction":[{"@type":"ReadAction","target":["https:\/\/acontradicao.pt\/?p=16"]}]},{"@type":"ImageObject","inLanguage":"pt-PT","@id":"https:\/\/acontradicao.pt\/?p=16#primaryimage","url":"https:\/\/acontradicao.pt\/wp-content\/uploads\/2025\/01\/Foto-Canva-Mercosul-2.jpg","contentUrl":"https:\/\/acontradicao.pt\/wp-content\/uploads\/2025\/01\/Foto-Canva-Mercosul-2.jpg","width":1920,"height":1080},{"@type":"BreadcrumbList","@id":"https:\/\/acontradicao.pt\/?p=16#breadcrumb","itemListElement":[{"@type":"ListItem","position":1,"name":"Home","item":"https:\/\/acontradicao.pt\/"},{"@type":"ListItem","position":2,"name":"Qual acordo, Mercosul?"}]},{"@type":"WebSite","@id":"https:\/\/acontradicao.pt\/#website","url":"https:\/\/acontradicao.pt\/","name":"AContradi\u00e7\u00e3o","description":"","publisher":{"@id":"https:\/\/acontradicao.pt\/#organization"},"potentialAction":[{"@type":"SearchAction","target":{"@type":"EntryPoint","urlTemplate":"https:\/\/acontradicao.pt\/?s={search_term_string}"},"query-input":{"@type":"PropertyValueSpecification","valueRequired":true,"valueName":"search_term_string"}}],"inLanguage":"pt-PT"},{"@type":"Organization","@id":"https:\/\/acontradicao.pt\/#organization","name":"AContradi\u00e7\u00e3o","url":"https:\/\/acontradicao.pt\/","logo":{"@type":"ImageObject","inLanguage":"pt-PT","@id":"https:\/\/acontradicao.pt\/#\/schema\/logo\/image\/","url":"https:\/\/acontradicao.pt\/wp-content\/uploads\/2025\/02\/LogoAContradicaobranco.png","contentUrl":"https:\/\/acontradicao.pt\/wp-content\/uploads\/2025\/02\/LogoAContradicaobranco.png","width":4250,"height":975,"caption":"AContradi\u00e7\u00e3o"},"image":{"@id":"https:\/\/acontradicao.pt\/#\/schema\/logo\/image\/"}},{"@type":"Person","@id":"https:\/\/acontradicao.pt\/#\/schema\/person\/a7083a8c01d30c8243ec95984ec69ab5","name":"Diogo Mira","image":{"@type":"ImageObject","inLanguage":"pt-PT","@id":"https:\/\/secure.gravatar.com\/avatar\/4c17d5e7e552c4f38012807f22f4d9bfaaa6b3916c49f9184dc3220bd480f1e6?s=96&d=mm&r=g","url":"https:\/\/secure.gravatar.com\/avatar\/4c17d5e7e552c4f38012807f22f4d9bfaaa6b3916c49f9184dc3220bd480f1e6?s=96&d=mm&r=g","contentUrl":"https:\/\/secure.gravatar.com\/avatar\/4c17d5e7e552c4f38012807f22f4d9bfaaa6b3916c49f9184dc3220bd480f1e6?s=96&d=mm&r=g","caption":"Diogo Mira"},"description":"Diogo Mira \u00e9 licenciado em Rela\u00e7\u00f5es Internacionais e aficionado pela pol\u00edtica latino-americana. Curioso pelas inquietudes pol\u00edticas e viciado em fazer perguntas sem resposta. Almadense com costela alentejana, com o cante nos ouvidos desde sempre.","url":"https:\/\/acontradicao.pt\/?author=3"}]}},"jetpack_featured_media_url":"https:\/\/acontradicao.pt\/wp-content\/uploads\/2025\/01\/Foto-Canva-Mercosul-2.jpg","_links":{"self":[{"href":"https:\/\/acontradicao.pt\/index.php?rest_route=\/wp\/v2\/posts\/16","targetHints":{"allow":["GET"]}}],"collection":[{"href":"https:\/\/acontradicao.pt\/index.php?rest_route=\/wp\/v2\/posts"}],"about":[{"href":"https:\/\/acontradicao.pt\/index.php?rest_route=\/wp\/v2\/types\/post"}],"author":[{"embeddable":true,"href":"https:\/\/acontradicao.pt\/index.php?rest_route=\/wp\/v2\/users\/3"}],"replies":[{"embeddable":true,"href":"https:\/\/acontradicao.pt\/index.php?rest_route=%2Fwp%2Fv2%2Fcomments&post=16"}],"version-history":[{"count":1,"href":"https:\/\/acontradicao.pt\/index.php?rest_route=\/wp\/v2\/posts\/16\/revisions"}],"predecessor-version":[{"id":156,"href":"https:\/\/acontradicao.pt\/index.php?rest_route=\/wp\/v2\/posts\/16\/revisions\/156"}],"wp:featuredmedia":[{"embeddable":true,"href":"https:\/\/acontradicao.pt\/index.php?rest_route=\/wp\/v2\/media\/155"}],"wp:attachment":[{"href":"https:\/\/acontradicao.pt\/index.php?rest_route=%2Fwp%2Fv2%2Fmedia&parent=16"}],"wp:term":[{"taxonomy":"category","embeddable":true,"href":"https:\/\/acontradicao.pt\/index.php?rest_route=%2Fwp%2Fv2%2Fcategories&post=16"},{"taxonomy":"post_tag","embeddable":true,"href":"https:\/\/acontradicao.pt\/index.php?rest_route=%2Fwp%2Fv2%2Ftags&post=16"}],"curies":[{"name":"wp","href":"https:\/\/api.w.org\/{rel}","templated":true}]}}